{"id":374,"date":"2024-12-05T00:11:24","date_gmt":"2024-12-04T22:11:24","guid":{"rendered":"\/vazquezmontalban2025\/?p=374"},"modified":"2024-12-05T00:11:24","modified_gmt":"2024-12-04T22:11:24","slug":"benvingut-negrescolor-experimentem","status":"publish","type":"post","link":"\/vazquezmontalban2025\/benvingut-negrescolor-experimentem\/","title":{"rendered":"Benvingut Negrescolor. Experimentem."},"content":{"rendered":"\n<p class=\"wp-block-paragraph\">Vam tenir la primera sessi\u00f3 el 2 d\u2019octubre i ens va servir per prendre contacte amb en Joan Negrescolor i el grup de l&#8217;optativa de 3r de l&#8217;ESO on es portar\u00e0 a terme el projecte aquest curs. Tamb\u00e9 ens va acompanyar el Marc, el nostre mediador de l\u2019Afluent.<\/p>\n\n\n\n<p class=\"wp-block-paragraph\">\u00c9s el meu segon curs participant en el projecte, en el mateix nivell per\u00f2 amb alumnat i artista diferent. Per tant, res \u00e9s el mateix. Continuo com a \u201cnovata\u201d<\/p>\n\n\n\n<p class=\"wp-block-paragraph\">La segona sessi\u00f3 l&#8217;estrenem amb la visita a les tres xemeneies, gran s\u00edmbol de la nostra ciutat, dins de la biennal europea del Manifesta 15 Barcelona. Aquesta visita a les instal\u00b7lacions i a les obres exposades van servir per poder con\u00e8ixer-nos, alumnat, artista i docents, en un entorn d\u2019art fora de l\u2019institut. Per\u00f2 no ha estat l&#8217;\u00fanica vegada que hem visitat les tres xemeneies. Vam tornar a les Resson\u00e0ncies, a veure el treball que els nostres companys van fer En Resid\u00e8ncia el curs passat. Tota una aventura que va ajudar a situar al grup. &nbsp; &nbsp; &nbsp;<\/p>\n\n\n\n<figure class=\"wp-block-image\"><img decoding=\"async\" src=\"https:\/\/lh7-rt.googleusercontent.com\/docsz\/AD_4nXc10uLg30tbByC9oWavxSJSxv5p09iYDATd0z1lhcBMRGKfAukqkvB1n2kWva3WQ41x5_Cusk9RuCgNTTI0FLvvUKWTyzzln6LM91HrvTjKet3hReqsQ-FXqHgc2mDq5j5RJEXM4w?key=jFMN6WWpmFZrR2ZeLXyWo1zm\" alt=\"\"\/><\/figure>\n\n\n\n<figure class=\"wp-block-image\"><img decoding=\"async\" src=\"https:\/\/lh7-rt.googleusercontent.com\/docsz\/AD_4nXc5f1D28TWu2fCj4goEGsneCR0BwExnqjmie8e2Ax_5ihq4Rd1DU7iNHkHpjDTkz8AC5IHyJANYhuXCeXG345m6OFh6iOMEpO_aa3z6__7bQ2YT66qr1jmON4C9g8IcBXz_57uV1Q?key=jFMN6WWpmFZrR2ZeLXyWo1zm\" alt=\"\"\/><\/figure>\n\n\n\n<figure class=\"wp-block-image is-resized\"><img decoding=\"async\" src=\"https:\/\/lh7-rt.googleusercontent.com\/docsz\/AD_4nXc_eAfzeH3LqDudup5SLZhQVuvvAyUWUXtQkmfw36h9qler7nUWi7mBWW0wJHn7uY-H8U6tEW6P5K5b-7pv_wLfvnmOa5eNesQhcRapwyiWZS43JpotQe9tdMT0kRk8nPicxIvzQQ?key=jFMN6WWpmFZrR2ZeLXyWo1zm\" alt=\"\" style=\"width:420px;height:auto\"\/><\/figure>\n\n\n\n<p class=\"has-text-align-left wp-block-paragraph\">Les seg\u00fcents sessions han estat experiments. Experimentar a partir de la reflexi\u00f3. La reflexi\u00f3 d\u2019un grup al qui li costa reflexionar, per\u00f2 l\u2019aconseguim. A poc a poc, per\u00f2 van sortint coses. Moltes coses que ens ajuda a entendre\u2019ls.<\/p>\n\n\n\n<p class=\"wp-block-paragraph\">Aquests experiments es concreten en la creaci\u00f3 i expressi\u00f3 a partir del dibuix. Amb instruccions concretes. Aix\u00f2 funciona! I ens ajuda i anima a seguir.<\/p>\n\n\n\n<figure class=\"wp-block-image\"><img decoding=\"async\" src=\"https:\/\/lh7-rt.googleusercontent.com\/docsz\/AD_4nXfg-SrCZ6-gTeQprVH09ov89bOYhM9iH-7pLwdTU8lzZj7rd_zAzX_tn8AoVjOTsCHz-ZHT3-1cYzc5vwO_aABUKvdF_tg4jUXGKWXaFGBXJCug5LX-T22kZ1S46HpYNqQK4RdNxg?key=jFMN6WWpmFZrR2ZeLXyWo1zm\" alt=\"\"\/><\/figure>\n\n\n\n<p class=\"wp-block-paragraph\">Idees oposades en blanc i negre<\/p>\n\n\n\n<figure class=\"wp-block-image\"><img decoding=\"async\" src=\"https:\/\/lh7-rt.googleusercontent.com\/docsz\/AD_4nXcWUxmphztAkvJNgBI1r7aKzZJ7x4Nzwxz8OpISIaJDnXKF6Pa2jqY94iifNKz7TslMe0q86FOusNR2ll1dMDwfAxwlp5LNWW011yu8FgkWOtNOA2e_-Htk1uLKe4pEp-4tWY4hhQ?key=jFMN6WWpmFZrR2ZeLXyWo1zm\" alt=\"\"\/><\/figure>\n\n\n\n<div class=\"wp-block-cover\"><span aria-hidden=\"true\" class=\"wp-block-cover__background has-background-dim\"><\/span><img decoding=\"async\" class=\"wp-block-cover__image-background\" alt=\"\" src=\"https:\/\/lh7-rt.googleusercontent.com\/docsz\/AD_4nXeyK8lc2j6ders67fjFgsd3y54IMhoNVXF9Q-uGD7Q75SsfwCDw-vwK-7Ifb3tJZjkP9Ii_I5Go6NxA5jE5mG6fMlhy_jslK_eK1Y2__e-Rsja6jmY9y_nmLi1kWwxtynKWEqYGZA?key=jFMN6WWpmFZrR2ZeLXyWo1zm\" data-object-fit=\"cover\"\/><div class=\"wp-block-cover__inner-container is-layout-flow wp-block-cover-is-layout-flow\">\n<p class=\"has-text-align-center has-large-font-size wp-block-paragraph\"><\/p>\n<\/div><\/div>\n","protected":false},"excerpt":{"rendered":"<p>Vam tenir la primera sessi\u00f3 el 2 d\u2019octubre i ens va servir per prendre contacte amb en Joan Negrescolor i el grup de l&#8217;optativa de 3r de l&#8217;ESO on es portar\u00e0 a terme el projecte aquest curs. Tamb\u00e9 ens va acompanyar el Marc, el nostre mediador de l\u2019Afluent. \u00c9s el meu segon curs participant en &hellip; <\/p>\n<p class=\"link-more\"><a href=\"\/vazquezmontalban2025\/benvingut-negrescolor-experimentem\/\" class=\"more-link\">Continua llegint <span class=\"screen-reader-text\">\u00abBenvingut Negrescolor. Experimentem.\u00bb<\/span><\/a><\/p>\n","protected":false},"author":10,"featured_media":0,"comment_status":"open","ping_status":"open","sticky":false,"template":"","format":"standard","meta":{"footnotes":""},"categories":[1],"tags":[],"class_list":["post-374","post","type-post","status-publish","format-standard","hentry","category-general"],"_links":{"self":[{"href":"\/vazquezmontalban2025\/wp-json\/wp\/v2\/posts\/374","targetHints":{"allow":["GET"]}}],"collection":[{"href":"\/vazquezmontalban2025\/wp-json\/wp\/v2\/posts"}],"about":[{"href":"\/vazquezmontalban2025\/wp-json\/wp\/v2\/types\/post"}],"author":[{"embeddable":true,"href":"\/vazquezmontalban2025\/wp-json\/wp\/v2\/users\/10"}],"replies":[{"embeddable":true,"href":"\/vazquezmontalban2025\/wp-json\/wp\/v2\/comments?post=374"}],"version-history":[{"count":2,"href":"\/vazquezmontalban2025\/wp-json\/wp\/v2\/posts\/374\/revisions"}],"predecessor-version":[{"id":376,"href":"\/vazquezmontalban2025\/wp-json\/wp\/v2\/posts\/374\/revisions\/376"}],"wp:attachment":[{"href":"\/vazquezmontalban2025\/wp-json\/wp\/v2\/media?parent=374"}],"wp:term":[{"taxonomy":"category","embeddable":true,"href":"\/vazquezmontalban2025\/wp-json\/wp\/v2\/categories?post=374"},{"taxonomy":"post_tag","embeddable":true,"href":"\/vazquezmontalban2025\/wp-json\/wp\/v2\/tags?post=374"}],"curies":[{"name":"wp","href":"https:\/\/api.w.org\/{rel}","templated":true}]}}