{"id":378,"date":"2025-01-17T00:05:00","date_gmt":"2025-01-16T22:05:00","guid":{"rendered":"\/vazquezmontalban2025\/?p=378"},"modified":"2025-01-17T00:05:00","modified_gmt":"2025-01-16T22:05:00","slug":"dibuixem-amb-tinta-xinesa-tot-un-descobriment","status":"publish","type":"post","link":"\/vazquezmontalban2025\/dibuixem-amb-tinta-xinesa-tot-un-descobriment\/","title":{"rendered":"Dibuixem amb tinta xinesa! Tot un descobriment!"},"content":{"rendered":"\n<p class=\"wp-block-paragraph\">Les darreres sessions en Joan, el nostre artista resident, ha volgut con\u00e8ixer del nostre alumnat el que els preocupa, interessa, els remou de la societat en general i de la seva ciutat en particular.\u00a0<\/p>\n\n\n\n<p class=\"wp-block-paragraph\">Un primer intent va ser amb la paraula, per\u00f2, no ens enganyem, els nostre jovent no \u00e9s gran orador i molt menys en temes abstractes com aquests.<\/p>\n\n\n\n<p class=\"wp-block-paragraph\">Tant a l\u2019artista com als docents que acompanyem en aquest proc\u00e9s, ens importa que prenguin consci\u00e8ncia del seu entorn i ens agrada remoure\u2019ls, per tant, vam continuar insistint en la cerca dels seus interessos socials.&nbsp;<\/p>\n\n\n\n<p class=\"wp-block-paragraph\">Es va decidir anar m\u00e9s a poc a poc i amb altres estrat\u00e8gies. El segon intent va ser treballant amb tinta xinesa. Ning\u00fa a l\u2019aula, tret de l\u2019artista, havia dibuixat abans amb aquesta tinta. I els va agradar. Els va agradar molt!. L&#8217;activitat consistia a plasmar en un DIN 3 les paraules (conceptes) una a una, que en Joan els hi anava dient. No importava tant la qualitat del dibuix sin\u00f3 el que eren capa\u00e7os de representar d\u2019aquelles paraules:<\/p>\n\n\n\n<p class=\"wp-block-paragraph\">EL MILLOR<\/p>\n\n\n\n<p class=\"wp-block-paragraph\">LLIURE<\/p>\n\n\n\n<p class=\"wp-block-paragraph\">CONTRARI<\/p>\n\n\n\n<p class=\"wp-block-paragraph\">COLOR<\/p>\n\n\n\n<p class=\"wp-block-paragraph\">ADDICCI\u00d3<\/p>\n\n\n\n<p class=\"wp-block-paragraph\">FELI\u00c7<\/p>\n\n\n\n<p class=\"wp-block-paragraph\">PODER<\/p>\n\n\n\n<p class=\"wp-block-paragraph\">PAU<\/p>\n\n\n\n<p class=\"wp-block-paragraph\">Estaven concentrats, motivats en plasmar de manera clara aquells conceptes.<\/p>\n\n\n\n<p class=\"wp-block-paragraph\">Despr\u00e9s el grup identificava els dibuixos amb les paraules i l\u2019alumnat reflexionava i explicava que li havia motivat fer aquell dibuix, de quina manera entenia els conceptes i els volia representar. Vam gaudir molt. L\u2019alumnat perqu\u00e8 es divertia buscant maneres de representar idees, es divertia dibuixant&nbsp; i els adults perqu\u00e8, per primera vegada, comencem a identificar cap a on poden anar els interessos socials d\u2019aquest grup de joves tan divers.&nbsp;<\/p>\n\n\n\n<p class=\"wp-block-paragraph\">Anem encaminats\u2026.<\/p>\n\n\n\n<figure class=\"wp-block-image\"><img decoding=\"async\" src=\"https:\/\/lh7-rt.googleusercontent.com\/docsz\/AD_4nXcrotyugaLsb8OIo5GQlDFwMIbyLxAK5uR5WDMDvlCZFRtHo-egkyuXx487uqGkvS6mHZ4BQTk4mdr6yOcRMKGPzniWDN8nHitZ8FYYlS9y8yO2bYa6hoJ6swSPkF78nOvjlK4kow?key=jFMN6WWpmFZrR2ZeLXyWo1zm\" alt=\"\"\/><\/figure>\n\n\n\n<figure class=\"wp-block-image\"><img decoding=\"async\" src=\"https:\/\/lh7-rt.googleusercontent.com\/docsz\/AD_4nXd3nOETsi04oMoRg8FYAH6eMY0-qyOXqlCJt3Js_NLCXrrTFm5_TGIVHFc0d9vSZxEtRPDfFTVHKJcCjhw0ZmQYVEkjJWS5QFEKIpivit59ysIRU7ADksf3wt16-PeDF1OZVwXyVA?key=jFMN6WWpmFZrR2ZeLXyWo1zm\" alt=\"\"\/><\/figure>\n\n\n\n<h3 class=\"wp-block-heading\"><\/h3>\n\n\n\n<figure class=\"wp-block-image\"><img decoding=\"async\" src=\"https:\/\/lh7-rt.googleusercontent.com\/docsz\/AD_4nXdW22SLEWH3aOstH0vfEjTAM6r0gss8G77NJr2lpVPOoht2bVpgmxHWmj1KVnZCDG91iKc6cGmVqaPj9v4J4fY1FPCJE0YJiRYoyVsdpkolHkds6AiaS-XQ5tdIVmYD9yA0iRoJfw?key=jFMN6WWpmFZrR2ZeLXyWo1zm\" alt=\"\"\/><\/figure>\n\n\n\n<figure class=\"wp-block-image\"><img decoding=\"async\" src=\"https:\/\/lh7-rt.googleusercontent.com\/docsz\/AD_4nXf88XYLITrdIPa61mP_eLHNoAkhJsVYblWllW7qTcbNzgvcfvvDx7juJu66sAXENNUIEEP3o30XY0Gyggu7MAfEjp44rw9nAGF6a6BH-6efJN1uNaVn6u52joWMv4lzJh9gDa4jGg?key=jFMN6WWpmFZrR2ZeLXyWo1zm\" alt=\"\"\/><\/figure>\n\n\n\n<p class=\"wp-block-paragraph\">05 desembre 24<\/p>\n","protected":false},"excerpt":{"rendered":"<p>Les darreres sessions en Joan, el nostre artista resident, ha volgut con\u00e8ixer del nostre alumnat el que els preocupa, interessa, els remou de la societat en general i de la seva ciutat en particular.\u00a0 Un primer intent va ser amb la paraula, per\u00f2, no ens enganyem, els nostre jovent no \u00e9s gran orador i molt &hellip; <\/p>\n<p class=\"link-more\"><a href=\"\/vazquezmontalban2025\/dibuixem-amb-tinta-xinesa-tot-un-descobriment\/\" class=\"more-link\">Continua llegint <span class=\"screen-reader-text\">\u00abDibuixem amb tinta xinesa! Tot un descobriment!\u00bb<\/span><\/a><\/p>\n","protected":false},"author":10,"featured_media":0,"comment_status":"open","ping_status":"open","sticky":false,"template":"","format":"standard","meta":{"footnotes":""},"categories":[1],"tags":[],"class_list":["post-378","post","type-post","status-publish","format-standard","hentry","category-general"],"_links":{"self":[{"href":"\/vazquezmontalban2025\/wp-json\/wp\/v2\/posts\/378","targetHints":{"allow":["GET"]}}],"collection":[{"href":"\/vazquezmontalban2025\/wp-json\/wp\/v2\/posts"}],"about":[{"href":"\/vazquezmontalban2025\/wp-json\/wp\/v2\/types\/post"}],"author":[{"embeddable":true,"href":"\/vazquezmontalban2025\/wp-json\/wp\/v2\/users\/10"}],"replies":[{"embeddable":true,"href":"\/vazquezmontalban2025\/wp-json\/wp\/v2\/comments?post=378"}],"version-history":[{"count":3,"href":"\/vazquezmontalban2025\/wp-json\/wp\/v2\/posts\/378\/revisions"}],"predecessor-version":[{"id":381,"href":"\/vazquezmontalban2025\/wp-json\/wp\/v2\/posts\/378\/revisions\/381"}],"wp:attachment":[{"href":"\/vazquezmontalban2025\/wp-json\/wp\/v2\/media?parent=378"}],"wp:term":[{"taxonomy":"category","embeddable":true,"href":"\/vazquezmontalban2025\/wp-json\/wp\/v2\/categories?post=378"},{"taxonomy":"post_tag","embeddable":true,"href":"\/vazquezmontalban2025\/wp-json\/wp\/v2\/tags?post=378"}],"curies":[{"name":"wp","href":"https:\/\/api.w.org\/{rel}","templated":true}]}}