{"id":384,"date":"2025-02-25T15:05:58","date_gmt":"2025-02-25T13:05:58","guid":{"rendered":"\/vazquezmontalban2025\/?p=384"},"modified":"2025-02-25T15:06:40","modified_gmt":"2025-02-25T13:06:40","slug":"el-que-fem-amb-el-que-tenim","status":"publish","type":"post","link":"\/vazquezmontalban2025\/el-que-fem-amb-el-que-tenim\/","title":{"rendered":"El que fem amb el que tenim&#8230;."},"content":{"rendered":"\n<h3 class=\"wp-block-heading\">Sessi\u00f3 oberta. <\/h3>\n\n\n\n<p class=\"wp-block-paragraph\">El passat 17 de febrer vam fer la la sessi\u00f3 oberta al nostre institut. Els i les alumnes s\u2019han implicat en la tasca i han ent\u00e8s cap a on anem i cap a on volem anar. L\u2019han gaudit, i hem gaudit amb ells i elles.<\/p>\n\n\n\n<p class=\"wp-block-paragraph\">He de ser sincera que fins la darrera setmana no tenia molt clar quina anava a ser la proposta a presentar per\u00f2, com sempre, aquests espais de reflexi\u00f3 ajuden a prendre consci\u00e8ncia del qu\u00e8 fem i el m\u00e9s important per a qu\u00e8 ho fem.&nbsp;<\/p>\n\n\n\n<figure class=\"wp-block-image\"><img decoding=\"async\" src=\"https:\/\/lh7-rt.googleusercontent.com\/docsz\/AD_4nXdwp2d8_KyLq9Juo2t-GSR6X_OJmb2HMv4LBmpfr8r7NPxPBkQldDRc9UBJDrS2kG-0e5NZRHphJcqSoAkYuEo-rbfpCUG6c5tVBr0btqAjTKYevtoax0zrQXt0NAWoASVONUjkkw?key=jFMN6WWpmFZrR2ZeLXyWo1zm\" alt=\"\"\/><\/figure>\n\n\n\n<h3 class=\"wp-block-heading\"><img loading=\"lazy\" decoding=\"async\" src=\"https:\/\/lh7-rt.googleusercontent.com\/docsz\/AD_4nXetyy6jCNneRcZ56QTokRg2DPb3kjv50ZUyqd3EOyeQwwicwa6uzpp5mZjNTnpzsHAOWjLHHD6VKGk0e7FViX5ZAkAwgl_5TyFSfmyF0rd1hYtXGJTZ7xHCAYw5ktZl-kC3N72bxA?key=jFMN6WWpmFZrR2ZeLXyWo1zm\" width=\"602\" height=\"277\"><\/h3>\n\n\n\n<p class=\"wp-block-paragraph\">Les setmanes pr\u00e8vies a la sessi\u00f3 oberta, mentre es pensava quina podria ser la proposta, torna a apar\u00e8ixer l\u2019aspecte de la poca cohesi\u00f3 del grup al tractar-se d\u2019una optativa de 2 hores m\u00e9s la 3a hora amb alumnat de quatre classes diferents ,i el que ens complica la poca cohesi\u00f3 per poder anar avan\u00e7ant la creaci\u00f3 col\u00b7lectiva.<\/p>\n\n\n\n<p class=\"wp-block-paragraph\">Per\u00f2 l\u2019alumnat mai deixa de sorprendre\u2019ns. Tenien molt clar all\u00f2 que havien fet i, molts d&#8217;ells comen\u00e7aven a saber i entendre el perqu\u00e8 el Joan els havia proposat aquestes activitats i tallers al llarg del trimestre. Mai havien parlat i, sentir parlar tant, de poder canviar les coses del seu entorn que no els hi agrada.<\/p>\n\n\n\n<h3 class=\"wp-block-heading\"><img loading=\"lazy\" decoding=\"async\" src=\"https:\/\/lh7-rt.googleusercontent.com\/docsz\/AD_4nXcByXuogWjfEE7rAA4Yh_eR0FoAi76JVuOCSnDdEg_LdrdOPhXR9QKfRj0Ke--Dy5JSiIsxKm5BDKPGrDNn3vppKr22newzejK1qwPnZ9MGeW81Z2OCo4-Lp4f_rTAc9bFWg_f_mg?key=jFMN6WWpmFZrR2ZeLXyWo1zm\" width=\"253\" height=\"338\"><\/h3>\n\n\n\n<h3 class=\"wp-block-heading\"><img loading=\"lazy\" decoding=\"async\" src=\"https:\/\/lh7-rt.googleusercontent.com\/docsz\/AD_4nXexuqxZ4NOXnI8qtjWcXn69pdztHqcdhkJD2fkjDJv_8ZXuMIzaaFAU_20PFK_N7zrDiaB3KA06MkJ_HgCXXsVJnV6Q6xaWoLlECCnO3dEWBdRl8Dr5tnxK70XJDozdOxbQG-ES?key=jFMN6WWpmFZrR2ZeLXyWo1zm\" width=\"511\" height=\"384\"><\/h3>\n\n\n\n<h3 class=\"wp-block-heading\"><img loading=\"lazy\" decoding=\"async\" src=\"https:\/\/lh7-rt.googleusercontent.com\/docsz\/AD_4nXetDiQDSVz7LHtm1XcbsNN2PO-o7ct4EhXHRIMgAfHABYS5CZyYQSLhHEVWo1b5ay_T0y_pe8o4sWY8AC_cjm-wcC9w9qYWMiEziD0qLNaqW3x9HJYp1-0hUqHqKhucnukv-yTByA?key=jFMN6WWpmFZrR2ZeLXyWo1zm\" width=\"506\" height=\"379\"><\/h3>\n\n\n\n<h3 class=\"wp-block-heading\"><img loading=\"lazy\" decoding=\"async\" src=\"https:\/\/lh7-rt.googleusercontent.com\/docsz\/AD_4nXc5SdqzoJwOxU5pYAv6PBmoRVZQKq9N6tRvSNVhM2d2U0hxnTeR_RPd9ln-cVtnZ7-Nc7B_WhXK0FQxnsaX6rdP_ZyAEw-QXCYaSQzbFLwz-axgA8QrcjrZ-IWH4fuTjd6z3EkP?key=jFMN6WWpmFZrR2ZeLXyWo1zm\" width=\"510\" height=\"382\"><\/h3>\n\n\n\n<h3 class=\"wp-block-heading\">Van comen\u00e7ar a treballar en grup i van entendre que all\u00e0 eren un grup i que s&#8217;havien de mostrar com a tal.<\/h3>\n\n\n\n<h3 class=\"wp-block-heading\">Uns van presentar el projecte i el que feien, uns altres van explicar alguns dels seus treballs, llibrets on havien d\u2019expressar&nbsp; all\u00f2 que els removia per dins, les injust\u00edcies, les desigualtats, les difer\u00e8ncies entre uns i altres, el racisme, les inseguretats, les pors\u2026.. teixint consci\u00e8ncia.<\/h3>\n\n\n\n<p class=\"wp-block-paragraph\">Per altra banda es va voler fer una pr\u00e0ctica per fer part\u00edcips al p\u00fablic que ens acompanyava.<\/p>\n\n\n\n<p class=\"wp-block-paragraph\">Vam gaudir tots plegats amb la proposta, va participar i vam entendre quin havia estat el nostre cam\u00ed i, el m\u00e9s important, cap a on volem caminar.<\/p>\n\n\n\n<figure class=\"wp-block-image\"><img decoding=\"async\" src=\"https:\/\/lh7-rt.googleusercontent.com\/docsz\/AD_4nXdH8UTYZeXcHXilDv-vJct7vKK5H_c4Tl81D7b77N6LiO-VEacOwyQvgnUH5nWdI6WMdtFwehd3XlpU90kCniyGrpWBlVjgKAdPoaVTnMxgkn4HZ1ifswjr3twzMLwQSAfNO6PmPg?key=jFMN6WWpmFZrR2ZeLXyWo1zm\" alt=\"\"\/><\/figure>\n","protected":false},"excerpt":{"rendered":"<p>Sessi\u00f3 oberta. El passat 17 de febrer vam fer la la sessi\u00f3 oberta al nostre institut. Els i les alumnes s\u2019han implicat en la tasca i han ent\u00e8s cap a on anem i cap a on volem anar. L\u2019han gaudit, i hem gaudit amb ells i elles. He de ser sincera que fins la darrera &hellip; <\/p>\n<p class=\"link-more\"><a href=\"\/vazquezmontalban2025\/el-que-fem-amb-el-que-tenim\/\" class=\"more-link\">Continua llegint <span class=\"screen-reader-text\">\u00abEl que fem amb el que tenim&#8230;.\u00bb<\/span><\/a><\/p>\n","protected":false},"author":10,"featured_media":0,"comment_status":"open","ping_status":"open","sticky":false,"template":"","format":"standard","meta":{"footnotes":""},"categories":[1],"tags":[],"class_list":["post-384","post","type-post","status-publish","format-standard","hentry","category-general"],"_links":{"self":[{"href":"\/vazquezmontalban2025\/wp-json\/wp\/v2\/posts\/384","targetHints":{"allow":["GET"]}}],"collection":[{"href":"\/vazquezmontalban2025\/wp-json\/wp\/v2\/posts"}],"about":[{"href":"\/vazquezmontalban2025\/wp-json\/wp\/v2\/types\/post"}],"author":[{"embeddable":true,"href":"\/vazquezmontalban2025\/wp-json\/wp\/v2\/users\/10"}],"replies":[{"embeddable":true,"href":"\/vazquezmontalban2025\/wp-json\/wp\/v2\/comments?post=384"}],"version-history":[{"count":2,"href":"\/vazquezmontalban2025\/wp-json\/wp\/v2\/posts\/384\/revisions"}],"predecessor-version":[{"id":386,"href":"\/vazquezmontalban2025\/wp-json\/wp\/v2\/posts\/384\/revisions\/386"}],"wp:attachment":[{"href":"\/vazquezmontalban2025\/wp-json\/wp\/v2\/media?parent=384"}],"wp:term":[{"taxonomy":"category","embeddable":true,"href":"\/vazquezmontalban2025\/wp-json\/wp\/v2\/categories?post=384"},{"taxonomy":"post_tag","embeddable":true,"href":"\/vazquezmontalban2025\/wp-json\/wp\/v2\/tags?post=384"}],"curies":[{"name":"wp","href":"https:\/\/api.w.org\/{rel}","templated":true}]}}