{"id":388,"date":"2025-06-18T00:32:40","date_gmt":"2025-06-17T22:32:40","guid":{"rendered":"\/vazquezmontalban2025\/?p=388"},"modified":"2025-06-18T00:32:40","modified_gmt":"2025-06-17T22:32:40","slug":"en-proces","status":"publish","type":"post","link":"\/vazquezmontalban2025\/en-proces\/","title":{"rendered":"En proc\u00e9s&#8230;"},"content":{"rendered":"\n<h3 class=\"wp-block-heading\">Seguim fent cam\u00ed!<\/h3>\n\n\n\n<p class=\"wp-block-paragraph\">Despr\u00e9s de la sessi\u00f3 oberta, vam continuar reflexionant sobre les nostres guerres i sobre la nostra realitat. L\u2019alumnat no tenia molt clar, i continua sense ser gaire conscient, quina \u00e9s la seva posici\u00f3 en aquesta societat, per\u00f2 tenen molt a dir\u2026i diuen! I el m\u00e9s important, saben que saben dir i poden fer-ho, i se senten escoltats.<\/p>\n\n\n\n<p class=\"wp-block-paragraph\">Despr\u00e9s de veure a molt del professorat experimentant amb l\u2019activitat del blanc i negre, el positiu\/negatiu, l&#8217;alumnat va comen\u00e7ar a fer seu aquest binomi\u2026.les coses que s\u00f3n positives poden ser negatives, no hi ha res absolut i anem provant amb diferents maneres de poder reflectir aquesta idea.<\/p>\n\n\n\n<p class=\"wp-block-paragraph\">El Joan volia provar amb ells diferents t\u00e8cniques per poder expressar\u2026.i trobar, cadascun d\u2019ells, la seva pr\u00f2pia.<\/p>\n\n\n\n<p class=\"wp-block-paragraph\">L\u2019alumnat t\u00e9 en ment el poder fer un graffiti i el Joan Negrescolor els mostra la hist\u00f2ria i d\u2019on sorgeix el graffiti, la connexi\u00f3 del seu or\u00edgen amb el nostre prop\u00f2sit de reivindicar i fer-nos sentir.<\/p>\n\n\n\n<figure class=\"wp-block-image\"><img decoding=\"async\" src=\"https:\/\/lh7-rt.googleusercontent.com\/docsz\/AD_4nXcBSqUU55ZSYourQ467l9mxHf0Vh8sAaj09LFk4C5hKYULEy-ZZfIQqBNelEPFOso4KigzTCPHb9Y52afNnrGInp7eIu0j8chupDhktCFCu3TxQinZnQ7jKpgIJdzy38kHrdmFC?key=jFMN6WWpmFZrR2ZeLXyWo1zm\" alt=\"\"\/><\/figure>\n\n\n\n<figure class=\"wp-block-image\"><img decoding=\"async\" src=\"https:\/\/lh7-rt.googleusercontent.com\/docsz\/AD_4nXeSHRBKCVhaPbLZB_ryKchxxuOk-QU7bVznujkVb7yD9XyvTL212Sfd6XGF0ZzNzQBxhipO69byGhlmD_YiOlfI2O_QomHwHJ8Y0xAPPgfHQkfgNBqfh0g-O5EoDn3V698KfNgWaA?key=jFMN6WWpmFZrR2ZeLXyWo1zm\" alt=\"\"\/><\/figure>\n\n\n\n<p class=\"wp-block-paragraph\">A partir d\u2019aqu\u00ed, provem les possibles t\u00e8cniques per poder fer un graffiti. Fem diferents plantilles amb la intenci\u00f3 de poder anar a provar a la paret de la nostra aula laboratori.<\/p>\n\n\n\n<h3 class=\"wp-block-heading\"><img loading=\"lazy\" decoding=\"async\" src=\"https:\/\/lh7-rt.googleusercontent.com\/docsz\/AD_4nXeSyUYnZfs7Vqfq2MlHgUp4zp-ooCgdlzY7DKY5oSoYLiYKIPWbsuiJoZsL1VpepsT9JGs5ju23SwqQKI0GL2Abzui27jNw4DlDzhM7mZNEO26vD1lpxZE9WszdFl5wFBx8nA_o?key=jFMN6WWpmFZrR2ZeLXyWo1zm\" width=\"423\" height=\"219\"><\/h3>\n\n\n\n<h3 class=\"wp-block-heading\"><img loading=\"lazy\" decoding=\"async\" src=\"https:\/\/lh7-rt.googleusercontent.com\/docsz\/AD_4nXcSQyh0UdP9-9W_zOSqpArkehK3W2QFgWRIRzTqeYESopwlN6JwuV6hU9ELsCg-SNj0m6pva1hYM8gzvymigHw9PxCPJYBCmhuWIHRkU-e53PujkhrpFW0_IobZcxR30OY3c6kK0w?key=jFMN6WWpmFZrR2ZeLXyWo1zm\" width=\"430\" height=\"197\"><\/h3>\n\n\n\n<h3 class=\"wp-block-heading\">Un cop tenen les plantilles fetes practiquem amb esprais i parets en m\u00e0\u2026<\/h3>\n\n\n\n<p class=\"wp-block-paragraph\">M\u00e9s que una experi\u00e8ncia! L\u2019alumnat s\u2019organitza, es concentra i treballa cada cop m\u00e9s coordinat amb un objectiu com\u00fa, de moment, en aquell moment, pintar amb esprai en una paret de l&#8217;institut, del seu institut, aquell espai tant present en tots els moments a reivindicar.<\/p>\n\n\n\n<figure class=\"wp-block-image\"><img decoding=\"async\" src=\"https:\/\/lh7-rt.googleusercontent.com\/docsz\/AD_4nXcB_SXvD66uK1lLe0lhG1erZl_9lBF5iv1ROPi4MJXfPyM2UMsFXfUEIFt5odqR3xhFxrZnVmYJXVrpAiRPqXalfxH8P9zgLd6figpOdaofW_hHD83xr3U17j_4bmm8ndRwYa5-Tw?key=jFMN6WWpmFZrR2ZeLXyWo1zm\" alt=\"\"\/><\/figure>\n\n\n\n<figure class=\"wp-block-image\"><img decoding=\"async\" src=\"https:\/\/lh7-rt.googleusercontent.com\/docsz\/AD_4nXeRcywr31GgQUOw3awivnsH0XyA2ADY4YlQ4quQ1nUXeUEaQZwB2ia8qtPg4J00LmwWJv8SFdqYgDAyNf40fbeP7iWYKiVKtGCR8xBModna3e2d7EgE1COgWXIYiOCZ5vE2Q97Rdg?key=jFMN6WWpmFZrR2ZeLXyWo1zm\" alt=\"\"\/><\/figure>\n","protected":false},"excerpt":{"rendered":"<p>Seguim fent cam\u00ed! Despr\u00e9s de la sessi\u00f3 oberta, vam continuar reflexionant sobre les nostres guerres i sobre la nostra realitat. L\u2019alumnat no tenia molt clar, i continua sense ser gaire conscient, quina \u00e9s la seva posici\u00f3 en aquesta societat, per\u00f2 tenen molt a dir\u2026i diuen! I el m\u00e9s important, saben que saben dir i poden &hellip; <\/p>\n<p class=\"link-more\"><a href=\"\/vazquezmontalban2025\/en-proces\/\" class=\"more-link\">Continua llegint <span class=\"screen-reader-text\">\u00abEn proc\u00e9s&#8230;\u00bb<\/span><\/a><\/p>\n","protected":false},"author":10,"featured_media":0,"comment_status":"open","ping_status":"open","sticky":false,"template":"","format":"standard","meta":{"footnotes":""},"categories":[1],"tags":[],"class_list":["post-388","post","type-post","status-publish","format-standard","hentry","category-general"],"_links":{"self":[{"href":"\/vazquezmontalban2025\/wp-json\/wp\/v2\/posts\/388","targetHints":{"allow":["GET"]}}],"collection":[{"href":"\/vazquezmontalban2025\/wp-json\/wp\/v2\/posts"}],"about":[{"href":"\/vazquezmontalban2025\/wp-json\/wp\/v2\/types\/post"}],"author":[{"embeddable":true,"href":"\/vazquezmontalban2025\/wp-json\/wp\/v2\/users\/10"}],"replies":[{"embeddable":true,"href":"\/vazquezmontalban2025\/wp-json\/wp\/v2\/comments?post=388"}],"version-history":[{"count":4,"href":"\/vazquezmontalban2025\/wp-json\/wp\/v2\/posts\/388\/revisions"}],"predecessor-version":[{"id":392,"href":"\/vazquezmontalban2025\/wp-json\/wp\/v2\/posts\/388\/revisions\/392"}],"wp:attachment":[{"href":"\/vazquezmontalban2025\/wp-json\/wp\/v2\/media?parent=388"}],"wp:term":[{"taxonomy":"category","embeddable":true,"href":"\/vazquezmontalban2025\/wp-json\/wp\/v2\/categories?post=388"},{"taxonomy":"post_tag","embeddable":true,"href":"\/vazquezmontalban2025\/wp-json\/wp\/v2\/tags?post=388"}],"curies":[{"name":"wp","href":"https:\/\/api.w.org\/{rel}","templated":true}]}}