{"id":393,"date":"2025-06-20T00:40:18","date_gmt":"2025-06-19T22:40:18","guid":{"rendered":"\/vazquezmontalban2025\/?p=393"},"modified":"2025-06-20T00:40:18","modified_gmt":"2025-06-19T22:40:18","slug":"una-bellissima-giornata","status":"publish","type":"post","link":"\/vazquezmontalban2025\/una-bellissima-giornata\/","title":{"rendered":"Una bell\u00edssima giornata"},"content":{"rendered":"\n<p class=\"wp-block-paragraph\"><\/p>\n\n\n\n<p class=\"wp-block-paragraph\">Vam gaudir d&#8217;un espectacle fant\u00e0stic que ens va servir com a eix per poder treballar la tendresa com a motor de canvi.<\/p>\n\n\n\n<p class=\"wp-block-paragraph\">Durant la 3a hora vam estar treballant la seg\u00fcent imatge:<\/p>\n\n\n\n<figure class=\"wp-block-image\"><img decoding=\"async\" src=\"https:\/\/lh7-rt.googleusercontent.com\/docsz\/AD_4nXcDUHxazyY5sdaSC3vOS1KPm4fTpzkl_jMwC3K8Tu8KoMJumLOmMo_36c-PRV9hkxUdMoEOFAtECGdmfrLZYUCapzt2IuFueoxh6pKc3s91TacA8NBNYRTo73hzfHc-mtG64sWXJw?key=jFMN6WWpmFZrR2ZeLXyWo1zm\" alt=\"\"\/><\/figure>\n\n\n\n<p class=\"wp-block-paragraph\">Qu\u00e8 \u00e9s per tu la tendresa?<\/p>\n\n\n\n<p class=\"wp-block-paragraph\">Qu\u00e8 entens en l\u2019escrit \u201cEns salvar\u00e0 la tendresa\u201d?<\/p>\n\n\n\n<p class=\"wp-block-paragraph\">Qu\u00e8 deixar\u00e0s com a \u00e9sser hum\u00e0?<\/p>\n\n\n\n<p class=\"wp-block-paragraph\">Representa la tendresa\u2026<\/p>\n\n\n\n<p class=\"wp-block-paragraph\">Aquestes eren preguntes que es proposen a l\u2019alumnat per tal de reflexionar sobre la tendresa i que ens va servir per poder apropar-nos a la creaci\u00f3 de la cia Kernel Dance Theatre, una bell\u00edssima giornata, un vell d&#8217;anada i tornada a la relaci\u00f3 real entre un pare i una filla que comparteixen escenari durant una vetllada \u00fanica.<\/p>\n\n\n\n<p class=\"wp-block-paragraph\">Aquesta activitat ens d\u00f3na l&#8217;oportunitat de poder reflexionar sobre les nostres creences i les nostres realitats i poder aprofundir i mirar dins nostre sobre temes que no pensem si no ens ho posen davant.<\/p>\n\n\n\n<p class=\"wp-block-paragraph\">Part de l\u2019alumnat, d\u2019entrada, no veu el sentit ni de l\u2019activitat ni de la obra&nbsp; que anem a veure al teatre Sagarra de Santa Coloma, per\u00f2, apoc a poc, comencen a entendre que estem fets de moments de tendresa i que els moments m\u00e9s feli\u00e7os de les nostres vides estan envoltats de tendresa.&nbsp;<\/p>\n\n\n\n<p class=\"wp-block-paragraph\">En aquest moment comen\u00e7a el nostre punt de partida per continuar creant cam\u00ed.<\/p>\n\n\n\n<figure class=\"wp-block-image\"><img decoding=\"async\" src=\"https:\/\/lh7-rt.googleusercontent.com\/docsz\/AD_4nXeTSWdEeTqzQh675wz-f552lV4pCmifibW6XnYENWcOaX0w_TmnYIQ62tPpkAFhqoaGTzkyTlTxb9g2E2qETNWxVYvWPFNYVaqcFEks9snRz3BuGyps6Y9NOAKAqsP2YePLmbJ8mA?key=jFMN6WWpmFZrR2ZeLXyWo1zm\" alt=\"\"\/><\/figure>\n\n\n\n<figure class=\"wp-block-image\"><img decoding=\"async\" src=\"https:\/\/lh7-rt.googleusercontent.com\/docsz\/AD_4nXcW9HalmBTUU8LL24ku5hrrKImeFgFHJHE2O4AgK0z_09HVaU0o4LfAN-sn0jITXHatxwpmxFHlLVUBiH3IMzrHnU5EJMNqqqUK_dPsksfVZjlV6XVFxpYWKlaV3PP2DKxW4QDR?key=jFMN6WWpmFZrR2ZeLXyWo1zm\" alt=\"\"\/><\/figure>\n","protected":false},"excerpt":{"rendered":"<p>Vam gaudir d&#8217;un espectacle fant\u00e0stic que ens va servir com a eix per poder treballar la tendresa com a motor de canvi. Durant la 3a hora vam estar treballant la seg\u00fcent imatge: Qu\u00e8 \u00e9s per tu la tendresa? Qu\u00e8 entens en l\u2019escrit \u201cEns salvar\u00e0 la tendresa\u201d? Qu\u00e8 deixar\u00e0s com a \u00e9sser hum\u00e0? Representa la tendresa\u2026 &hellip; <\/p>\n<p class=\"link-more\"><a href=\"\/vazquezmontalban2025\/una-bellissima-giornata\/\" class=\"more-link\">Continua llegint <span class=\"screen-reader-text\">\u00abUna bell\u00edssima giornata\u00bb<\/span><\/a><\/p>\n","protected":false},"author":10,"featured_media":0,"comment_status":"open","ping_status":"open","sticky":false,"template":"","format":"standard","meta":{"footnotes":""},"categories":[1],"tags":[],"class_list":["post-393","post","type-post","status-publish","format-standard","hentry","category-general"],"_links":{"self":[{"href":"\/vazquezmontalban2025\/wp-json\/wp\/v2\/posts\/393","targetHints":{"allow":["GET"]}}],"collection":[{"href":"\/vazquezmontalban2025\/wp-json\/wp\/v2\/posts"}],"about":[{"href":"\/vazquezmontalban2025\/wp-json\/wp\/v2\/types\/post"}],"author":[{"embeddable":true,"href":"\/vazquezmontalban2025\/wp-json\/wp\/v2\/users\/10"}],"replies":[{"embeddable":true,"href":"\/vazquezmontalban2025\/wp-json\/wp\/v2\/comments?post=393"}],"version-history":[{"count":4,"href":"\/vazquezmontalban2025\/wp-json\/wp\/v2\/posts\/393\/revisions"}],"predecessor-version":[{"id":397,"href":"\/vazquezmontalban2025\/wp-json\/wp\/v2\/posts\/393\/revisions\/397"}],"wp:attachment":[{"href":"\/vazquezmontalban2025\/wp-json\/wp\/v2\/media?parent=393"}],"wp:term":[{"taxonomy":"category","embeddable":true,"href":"\/vazquezmontalban2025\/wp-json\/wp\/v2\/categories?post=393"},{"taxonomy":"post_tag","embeddable":true,"href":"\/vazquezmontalban2025\/wp-json\/wp\/v2\/tags?post=393"}],"curies":[{"name":"wp","href":"https:\/\/api.w.org\/{rel}","templated":true}]}}