{"id":400,"date":"2025-06-25T01:17:23","date_gmt":"2025-06-24T23:17:23","guid":{"rendered":"\/vazquezmontalban2025\/?p=400"},"modified":"2025-06-25T01:17:23","modified_gmt":"2025-06-24T23:17:23","slug":"preparant-la-nostra-mostra-final","status":"publish","type":"post","link":"\/vazquezmontalban2025\/preparant-la-nostra-mostra-final\/","title":{"rendered":"Preparant la nostra mostra final"},"content":{"rendered":"\n<p class=\"wp-block-paragraph\">Despr\u00e9s d\u2019haver experimentat amb diferents t\u00e8cniques i textures ens identifiquem, com a grup, en l\u2019activitat del negatiu\/positiu dels primers mesos\u2026<\/p>\n\n\n\n<p class=\"wp-block-paragraph\">El Joan ens mostra una manera d\u2019expressar-nos a partir dels s\u00edmbols que nosaltres hem anat creant i hem anat veient, i sabem que poden ser universals, \u00e9s a dir, entesos per tothom i interpretats per tothom tamb\u00e9 i, prenem consci\u00e8ncia que hi ha tantes maneres de veure les coses com persones.<\/p>\n\n\n\n<p class=\"wp-block-paragraph\">A partir d\u2019aquest moment es comen\u00e7a a crear l\u2019esborrany del qual ser\u00e0 la nostra presentaci\u00f3 i comencem creant els nostres s\u00edmbols en diferents formats, per\u00f2 sempre en blanc i negre.<\/p>\n\n\n\n<figure class=\"wp-block-image\"><img decoding=\"async\" src=\"https:\/\/lh7-rt.googleusercontent.com\/docsz\/AD_4nXdVU1Be7N1Mb1JE8Ah0WraKWeWvVGS0agGaQKJVWjqFZzA1Rb-VgO2sUXqLONyveZ6Rh-ZsFjv8D057tuNv8ngpjX1068p1vXT9OiwvzllKuRltA42NxZOXbRT9fYDqkESpseO6UA?key=jFMN6WWpmFZrR2ZeLXyWo1zm\" alt=\"\"\/><\/figure>\n\n\n\n<p class=\"wp-block-paragraph\">Sabem i entenem que \u00e9s important escollir un lloc estrat\u00e8gic per poder representar tot l&#8217;apr\u00e8s en el nostre proc\u00e9s i amb el Joan i el Marc, el nostre mediador de l\u2019Afluent, visitem el Museu d\u2019hist\u00f2ria de la Immigraci\u00f3 de Catalunya (Mhic) com a possible espai on podem presentar el final del nostre proc\u00e9s.<\/p>\n\n\n\n<p class=\"wp-block-paragraph\">Un cop all\u00e0 busquem l\u2019espai perfecte entre tots els espais, interiors i exteriors.<\/p>\n\n\n\n<p class=\"wp-block-paragraph\">Finalment, tot i saber que far\u00e0 calor, decidim fer una exposici\u00f3 exterior gaudint del fant\u00e0stic jard\u00ed amb el que compta el Museu.\u00a0<\/p>\n\n\n\n<p class=\"wp-block-paragraph\"><\/p>\n\n\n\n<figure class=\"wp-block-image\"><img decoding=\"async\" src=\"https:\/\/lh7-rt.googleusercontent.com\/docsz\/AD_4nXer8FVPJ6_G2NqMx8XrWZ7ACkGXuhn4_tZjg8Eu0TcTzKCBjHFtrW3siMMo9vEIym3O9MWVIf5IJ9th4pnaaTUDYheDtj5Et7gfGNdZRpekf8qKDmNlm9zPScwS-dt6MYLYV26r?key=jFMN6WWpmFZrR2ZeLXyWo1zm\" alt=\"\"\/><\/figure>\n\n\n\n<figure class=\"wp-block-image\"><img decoding=\"async\" src=\"https:\/\/lh7-rt.googleusercontent.com\/docsz\/AD_4nXdh5EW5tKKiNd0Ek-v-ilQzGPI0zqGlJW1IDu5w-T-8UOGjLZ79pz33IM8CTYSRKILMlcPKOh2ojiustksoE4QW80a8mjdQRnjPCPfm-iJOxoLUEvjmbZU2b_8b8N9E88-fMsnu?key=jFMN6WWpmFZrR2ZeLXyWo1zm\" alt=\"\"\/><\/figure>\n","protected":false},"excerpt":{"rendered":"<p>Despr\u00e9s d\u2019haver experimentat amb diferents t\u00e8cniques i textures ens identifiquem, com a grup, en l\u2019activitat del negatiu\/positiu dels primers mesos\u2026 El Joan ens mostra una manera d\u2019expressar-nos a partir dels s\u00edmbols que nosaltres hem anat creant i hem anat veient, i sabem que poden ser universals, \u00e9s a dir, entesos per tothom i interpretats per &hellip; <\/p>\n<p class=\"link-more\"><a href=\"\/vazquezmontalban2025\/preparant-la-nostra-mostra-final\/\" class=\"more-link\">Continua llegint <span class=\"screen-reader-text\">\u00abPreparant la nostra mostra final\u00bb<\/span><\/a><\/p>\n","protected":false},"author":10,"featured_media":0,"comment_status":"open","ping_status":"open","sticky":false,"template":"","format":"standard","meta":{"footnotes":""},"categories":[1],"tags":[],"class_list":["post-400","post","type-post","status-publish","format-standard","hentry","category-general"],"_links":{"self":[{"href":"\/vazquezmontalban2025\/wp-json\/wp\/v2\/posts\/400","targetHints":{"allow":["GET"]}}],"collection":[{"href":"\/vazquezmontalban2025\/wp-json\/wp\/v2\/posts"}],"about":[{"href":"\/vazquezmontalban2025\/wp-json\/wp\/v2\/types\/post"}],"author":[{"embeddable":true,"href":"\/vazquezmontalban2025\/wp-json\/wp\/v2\/users\/10"}],"replies":[{"embeddable":true,"href":"\/vazquezmontalban2025\/wp-json\/wp\/v2\/comments?post=400"}],"version-history":[{"count":2,"href":"\/vazquezmontalban2025\/wp-json\/wp\/v2\/posts\/400\/revisions"}],"predecessor-version":[{"id":402,"href":"\/vazquezmontalban2025\/wp-json\/wp\/v2\/posts\/400\/revisions\/402"}],"wp:attachment":[{"href":"\/vazquezmontalban2025\/wp-json\/wp\/v2\/media?parent=400"}],"wp:term":[{"taxonomy":"category","embeddable":true,"href":"\/vazquezmontalban2025\/wp-json\/wp\/v2\/categories?post=400"},{"taxonomy":"post_tag","embeddable":true,"href":"\/vazquezmontalban2025\/wp-json\/wp\/v2\/tags?post=400"}],"curies":[{"name":"wp","href":"https:\/\/api.w.org\/{rel}","templated":true}]}}