{"id":101,"date":"2026-06-29T23:54:26","date_gmt":"2026-06-29T21:54:26","guid":{"rendered":"\/vazquezmontalban2026\/?p=101"},"modified":"2026-06-29T23:54:26","modified_gmt":"2026-06-29T21:54:26","slug":"tornem-a-la-beckett-a-gravar","status":"publish","type":"post","link":"\/vazquezmontalban2026\/tornem-a-la-beckett-a-gravar\/","title":{"rendered":"Tornem a la Beckett a gravar"},"content":{"rendered":"\n<p class=\"wp-block-paragraph\"><br>Tornem a la Beckett per continuar gravant el nostre fals documental, i la veritat \u00e9s que ens fa una il\u00b7lusi\u00f3 immensa. \u00c9s un d\u2019aquells projectes que ens est\u00e0 fent cr\u00e9ixer, riure, experimentar i descobrir coses noves a cada sessi\u00f3. Retrobar-nos en aquest espai tan especial, tornar a posar-nos davant de les ordres de l\u2019Aleix i de la c\u00e0mera i, donar vida a aquesta hist\u00f2ria que estem construint plegats, ens omple d\u2019emoci\u00f3 i d\u2019energia. Cada escena \u00e9s un repte, per\u00f2 tamb\u00e9 una oportunitat per compartir moments \u00fanics que recordarem durant molt de temps. Amb nervis, entusiasme i moltes ganes, tornem a la Beckett per seguir fent realitat aquest projecte que tant estem estimant.<\/p>\n\n\n\n<figure class=\"wp-block-image size-large\"><img loading=\"lazy\" decoding=\"async\" width=\"1024\" height=\"781\" src=\"\/vazquezmontalban2026\/wp-content\/uploads\/2026\/06\/image-6-1024x781.png\" alt=\"\" class=\"wp-image-104\" srcset=\"\/vazquezmontalban2026\/wp-content\/uploads\/2026\/06\/image-6-1024x781.png 1024w, \/vazquezmontalban2026\/wp-content\/uploads\/2026\/06\/image-6-300x229.png 300w, \/vazquezmontalban2026\/wp-content\/uploads\/2026\/06\/image-6-768x585.png 768w, \/vazquezmontalban2026\/wp-content\/uploads\/2026\/06\/image-6-1536x1171.png 1536w, \/vazquezmontalban2026\/wp-content\/uploads\/2026\/06\/image-6.png 2048w\" sizes=\"auto, (max-width: 767px) 89vw, (max-width: 1000px) 54vw, (max-width: 1071px) 543px, 580px\" \/><\/figure>\n\n\n\n<p class=\"wp-block-paragraph\"><br><\/p>\n","protected":false},"excerpt":{"rendered":"<p>Tornem a la Beckett per continuar gravant el nostre fals documental, i la veritat \u00e9s que ens fa una il\u00b7lusi\u00f3 immensa. \u00c9s un d\u2019aquells projectes que ens est\u00e0 fent cr\u00e9ixer, riure, experimentar i descobrir coses noves a cada sessi\u00f3. Retrobar-nos en aquest espai tan especial, tornar a posar-nos davant de les ordres de l\u2019Aleix i &hellip; <\/p>\n<p class=\"link-more\"><a href=\"\/vazquezmontalban2026\/tornem-a-la-beckett-a-gravar\/\" class=\"more-link\">Continua llegint <span class=\"screen-reader-text\">\u00abTornem a la Beckett a gravar\u00bb<\/span><\/a><\/p>\n","protected":false},"author":4,"featured_media":0,"comment_status":"closed","ping_status":"","sticky":false,"template":"","format":"standard","meta":{"footnotes":""},"categories":[1],"tags":[],"class_list":["post-101","post","type-post","status-publish","format-standard","hentry","category-general"],"_links":{"self":[{"href":"\/vazquezmontalban2026\/wp-json\/wp\/v2\/posts\/101","targetHints":{"allow":["GET"]}}],"collection":[{"href":"\/vazquezmontalban2026\/wp-json\/wp\/v2\/posts"}],"about":[{"href":"\/vazquezmontalban2026\/wp-json\/wp\/v2\/types\/post"}],"author":[{"embeddable":true,"href":"\/vazquezmontalban2026\/wp-json\/wp\/v2\/users\/4"}],"replies":[{"embeddable":true,"href":"\/vazquezmontalban2026\/wp-json\/wp\/v2\/comments?post=101"}],"version-history":[{"count":2,"href":"\/vazquezmontalban2026\/wp-json\/wp\/v2\/posts\/101\/revisions"}],"predecessor-version":[{"id":105,"href":"\/vazquezmontalban2026\/wp-json\/wp\/v2\/posts\/101\/revisions\/105"}],"wp:attachment":[{"href":"\/vazquezmontalban2026\/wp-json\/wp\/v2\/media?parent=101"}],"wp:term":[{"taxonomy":"category","embeddable":true,"href":"\/vazquezmontalban2026\/wp-json\/wp\/v2\/categories?post=101"},{"taxonomy":"post_tag","embeddable":true,"href":"\/vazquezmontalban2026\/wp-json\/wp\/v2\/tags?post=101"}],"curies":[{"name":"wp","href":"https:\/\/api.w.org\/{rel}","templated":true}]}}