{"id":103,"date":"2026-06-30T00:33:03","date_gmt":"2026-06-29T22:33:03","guid":{"rendered":"\/vazquezmontalban2026\/?p=103"},"modified":"2026-06-30T00:33:03","modified_gmt":"2026-06-29T22:33:03","slug":"presentem-a-la-sala-beckett","status":"publish","type":"post","link":"\/vazquezmontalban2026\/presentem-a-la-sala-beckett\/","title":{"rendered":"Presentem a la Sala Beckett"},"content":{"rendered":"\n<p class=\"wp-block-paragraph\">El 27 de maig, dia de reivindicacions del col\u00b7lectiu d&#8217;educaci\u00f3, hem presentat a la Sala Beckett <strong>Fins on t&#8217;arribi la mirada<\/strong>, envoltats de les persones que m\u00e9s estimen els nostres joves. Compartir aquest moment amb les seves fam\u00edlies, amistats i totes aquelles persones que els han acompanyat en el cam\u00ed ha fet que aquesta estrena fos encara m\u00e9s especial.<br>Ha estat un dia llarg. Ple d&#8217;assajos, de papers que anaven d&#8217;una banda a l&#8217;altra, de nervis, d&#8217;\u00faltims retocs i d&#8217;aquella emoci\u00f3 que nom\u00e9s es viu abans de pujar a un escenari. Per\u00f2, malgrat els dubtes i les papallones a l&#8217;est\u00f3mac, heu sortit a escena amb valentia, comprom\u00eds i una autenticitat que ha emocionat tothom.<br>Avui no nom\u00e9s heu representat un paper. Heu compartit una part de vosaltres, de tot el que heu constru\u00eft durant aquest proc\u00e9s, demostrant que quan hi ha esfor\u00e7, confian\u00e7a i treball en equip, all\u00f2 que dessitgem es pot fer realitat.<br>Enhorabona, nois i noies! Podeu estar molt orgullosos del que heu aconseguit. Avui heu arribat una mica m\u00e9s lluny del que imagin\u00e0veu&#8230; i aquesta mirada, que avui s&#8217;ha omplert d&#8217;il\u00b7lusi\u00f3 i d&#8217;orgull, segur que us continuar\u00e0 portant molt m\u00e9s enll\u00e0.<\/p>\n\n\n\n<figure class=\"wp-block-image size-large\"><img loading=\"lazy\" decoding=\"async\" width=\"1024\" height=\"983\" src=\"\/vazquezmontalban2026\/wp-content\/uploads\/2026\/06\/image-12-1024x983.png\" alt=\"\" class=\"wp-image-119\" srcset=\"\/vazquezmontalban2026\/wp-content\/uploads\/2026\/06\/image-12-1024x983.png 1024w, \/vazquezmontalban2026\/wp-content\/uploads\/2026\/06\/image-12-300x288.png 300w, \/vazquezmontalban2026\/wp-content\/uploads\/2026\/06\/image-12-768x737.png 768w, \/vazquezmontalban2026\/wp-content\/uploads\/2026\/06\/image-12.png 1160w\" sizes=\"auto, (max-width: 767px) 89vw, (max-width: 1000px) 54vw, (max-width: 1071px) 543px, 580px\" \/><\/figure>\n\n\n\n<figure class=\"wp-block-image size-large\"><img loading=\"lazy\" decoding=\"async\" width=\"1024\" height=\"933\" src=\"\/vazquezmontalban2026\/wp-content\/uploads\/2026\/06\/image-13-1024x933.png\" alt=\"\" class=\"wp-image-120\" srcset=\"\/vazquezmontalban2026\/wp-content\/uploads\/2026\/06\/image-13-1024x933.png 1024w, \/vazquezmontalban2026\/wp-content\/uploads\/2026\/06\/image-13-300x273.png 300w, \/vazquezmontalban2026\/wp-content\/uploads\/2026\/06\/image-13-768x699.png 768w, \/vazquezmontalban2026\/wp-content\/uploads\/2026\/06\/image-13.png 1143w\" sizes=\"auto, (max-width: 767px) 89vw, (max-width: 1000px) 54vw, (max-width: 1071px) 543px, 580px\" \/><\/figure>\n\n\n\n<p class=\"wp-block-paragraph\"><br><\/p>\n","protected":false},"excerpt":{"rendered":"<p>El 27 de maig, dia de reivindicacions del col\u00b7lectiu d&#8217;educaci\u00f3, hem presentat a la Sala Beckett Fins on t&#8217;arribi la mirada, envoltats de les persones que m\u00e9s estimen els nostres joves. Compartir aquest moment amb les seves fam\u00edlies, amistats i totes aquelles persones que els han acompanyat en el cam\u00ed ha fet que aquesta estrena &hellip; <\/p>\n<p class=\"link-more\"><a href=\"\/vazquezmontalban2026\/presentem-a-la-sala-beckett\/\" class=\"more-link\">Continua llegint <span class=\"screen-reader-text\">\u00abPresentem a la Sala Beckett\u00bb<\/span><\/a><\/p>\n","protected":false},"author":4,"featured_media":0,"comment_status":"closed","ping_status":"","sticky":false,"template":"","format":"standard","meta":{"footnotes":""},"categories":[1],"tags":[],"class_list":["post-103","post","type-post","status-publish","format-standard","hentry","category-general"],"_links":{"self":[{"href":"\/vazquezmontalban2026\/wp-json\/wp\/v2\/posts\/103","targetHints":{"allow":["GET"]}}],"collection":[{"href":"\/vazquezmontalban2026\/wp-json\/wp\/v2\/posts"}],"about":[{"href":"\/vazquezmontalban2026\/wp-json\/wp\/v2\/types\/post"}],"author":[{"embeddable":true,"href":"\/vazquezmontalban2026\/wp-json\/wp\/v2\/users\/4"}],"replies":[{"embeddable":true,"href":"\/vazquezmontalban2026\/wp-json\/wp\/v2\/comments?post=103"}],"version-history":[{"count":2,"href":"\/vazquezmontalban2026\/wp-json\/wp\/v2\/posts\/103\/revisions"}],"predecessor-version":[{"id":121,"href":"\/vazquezmontalban2026\/wp-json\/wp\/v2\/posts\/103\/revisions\/121"}],"wp:attachment":[{"href":"\/vazquezmontalban2026\/wp-json\/wp\/v2\/media?parent=103"}],"wp:term":[{"taxonomy":"category","embeddable":true,"href":"\/vazquezmontalban2026\/wp-json\/wp\/v2\/categories?post=103"},{"taxonomy":"post_tag","embeddable":true,"href":"\/vazquezmontalban2026\/wp-json\/wp\/v2\/tags?post=103"}],"curies":[{"name":"wp","href":"https:\/\/api.w.org\/{rel}","templated":true}]}}