{"id":53,"date":"2025-11-24T19:26:23","date_gmt":"2025-11-24T17:26:23","guid":{"rendered":"\/vazquezmontalban2026\/?p=53"},"modified":"2025-11-24T19:26:23","modified_gmt":"2025-11-24T17:26:23","slug":"benvingut-al-mvm-aleix","status":"publish","type":"post","link":"\/vazquezmontalban2026\/benvingut-al-mvm-aleix\/","title":{"rendered":"BENVINGUT AL MVM ALEIX!"},"content":{"rendered":"\n<p class=\"wp-block-paragraph\">Avui, el grup, hem conegut a l\u2019Aleix, l\u2019artista (dramaturg) que aquest curs ens acompanyar\u00e0 en aquest cam\u00ed de noves experi\u00e8ncies en el m\u00f3n del teatre contemporani i, perqu\u00e8 no, noves experi\u00e8ncies de vida.<\/p>\n\n\n\n<p class=\"wp-block-paragraph\">Pr\u00e8viament, la Roseta i jo, tamb\u00e9 la Maria acompanyant a l\u2019alumnat del SIEI, hem treballat amb l\u2019alumnat (pr\u00e8via instrucci\u00f3 de l\u2019Aleix) el concepte d\u2019IMATGE com a eix tem\u00e0tic. Aix\u00f2 ens porta a l\u2019autoimatge, a la imatge que donem cap a fora i la que voldr\u00edem donar. Ens d\u00f3na peu per parlar de la manipulaci\u00f3 de les imatges i tamb\u00e9 de les fake news.&nbsp;<\/p>\n\n\n\n<p class=\"wp-block-paragraph\">L\u2019Aleix, amb all\u00f2 que l\u2019alumnat ha reflexionat sobre la imatge i l&#8217;autoimatge, comen\u00e7a a indagar sobre el que pensen els nostres joves, la seva idea d\u2019imatge, autoimatge i la seva manera d\u2019explicar-nos-ho.<\/p>\n\n\n\n<p class=\"wp-block-paragraph\">Tamb\u00e9 experimentem amb all\u00f2 d\u2019explicar hist\u00f2ries&#8230;<\/p>\n\n\n\n<figure class=\"wp-block-image size-large\"><img loading=\"lazy\" decoding=\"async\" width=\"1024\" height=\"768\" src=\"\/vazquezmontalban2026\/wp-content\/uploads\/2025\/11\/image-2-1024x768.jpeg\" alt=\"\" class=\"wp-image-56\" srcset=\"\/vazquezmontalban2026\/wp-content\/uploads\/2025\/11\/image-2-1024x768.jpeg 1024w, \/vazquezmontalban2026\/wp-content\/uploads\/2025\/11\/image-2-300x225.jpeg 300w, \/vazquezmontalban2026\/wp-content\/uploads\/2025\/11\/image-2-768x576.jpeg 768w, \/vazquezmontalban2026\/wp-content\/uploads\/2025\/11\/image-2-1536x1152.jpeg 1536w, \/vazquezmontalban2026\/wp-content\/uploads\/2025\/11\/image-2.jpeg 2000w\" sizes=\"auto, (max-width: 767px) 89vw, (max-width: 1000px) 54vw, (max-width: 1071px) 543px, 580px\" \/><\/figure>\n\n\n\n<figure class=\"wp-block-image size-large\"><img loading=\"lazy\" decoding=\"async\" width=\"1024\" height=\"768\" src=\"\/vazquezmontalban2026\/wp-content\/uploads\/2025\/11\/image-1-1024x768.jpeg\" alt=\"\" class=\"wp-image-55\" srcset=\"\/vazquezmontalban2026\/wp-content\/uploads\/2025\/11\/image-1-1024x768.jpeg 1024w, \/vazquezmontalban2026\/wp-content\/uploads\/2025\/11\/image-1-300x225.jpeg 300w, \/vazquezmontalban2026\/wp-content\/uploads\/2025\/11\/image-1-768x576.jpeg 768w, \/vazquezmontalban2026\/wp-content\/uploads\/2025\/11\/image-1-1536x1152.jpeg 1536w, \/vazquezmontalban2026\/wp-content\/uploads\/2025\/11\/image-1.jpeg 2000w\" sizes=\"auto, (max-width: 767px) 89vw, (max-width: 1000px) 54vw, (max-width: 1071px) 543px, 580px\" \/><\/figure>\n\n\n\n<figure class=\"wp-block-image size-large\"><img loading=\"lazy\" decoding=\"async\" width=\"1024\" height=\"768\" src=\"\/vazquezmontalban2026\/wp-content\/uploads\/2025\/11\/image-1024x768.jpeg\" alt=\"\" class=\"wp-image-54\" srcset=\"\/vazquezmontalban2026\/wp-content\/uploads\/2025\/11\/image-1024x768.jpeg 1024w, \/vazquezmontalban2026\/wp-content\/uploads\/2025\/11\/image-300x225.jpeg 300w, \/vazquezmontalban2026\/wp-content\/uploads\/2025\/11\/image-768x576.jpeg 768w, \/vazquezmontalban2026\/wp-content\/uploads\/2025\/11\/image-1536x1152.jpeg 1536w, \/vazquezmontalban2026\/wp-content\/uploads\/2025\/11\/image.jpeg 2000w\" sizes=\"auto, (max-width: 767px) 89vw, (max-width: 1000px) 54vw, (max-width: 1071px) 543px, 580px\" \/><\/figure>\n","protected":false},"excerpt":{"rendered":"<p>Avui, el grup, hem conegut a l\u2019Aleix, l\u2019artista (dramaturg) que aquest curs ens acompanyar\u00e0 en aquest cam\u00ed de noves experi\u00e8ncies en el m\u00f3n del teatre contemporani i, perqu\u00e8 no, noves experi\u00e8ncies de vida. Pr\u00e8viament, la Roseta i jo, tamb\u00e9 la Maria acompanyant a l\u2019alumnat del SIEI, hem treballat amb l\u2019alumnat (pr\u00e8via instrucci\u00f3 de l\u2019Aleix) el &hellip; <\/p>\n<p class=\"link-more\"><a href=\"\/vazquezmontalban2026\/benvingut-al-mvm-aleix\/\" class=\"more-link\">Continua llegint <span class=\"screen-reader-text\">\u00abBENVINGUT AL MVM ALEIX!\u00bb<\/span><\/a><\/p>\n","protected":false},"author":4,"featured_media":0,"comment_status":"closed","ping_status":"","sticky":false,"template":"","format":"standard","meta":{"footnotes":""},"categories":[1],"tags":[],"class_list":["post-53","post","type-post","status-publish","format-standard","hentry","category-general"],"_links":{"self":[{"href":"\/vazquezmontalban2026\/wp-json\/wp\/v2\/posts\/53","targetHints":{"allow":["GET"]}}],"collection":[{"href":"\/vazquezmontalban2026\/wp-json\/wp\/v2\/posts"}],"about":[{"href":"\/vazquezmontalban2026\/wp-json\/wp\/v2\/types\/post"}],"author":[{"embeddable":true,"href":"\/vazquezmontalban2026\/wp-json\/wp\/v2\/users\/4"}],"replies":[{"embeddable":true,"href":"\/vazquezmontalban2026\/wp-json\/wp\/v2\/comments?post=53"}],"version-history":[{"count":1,"href":"\/vazquezmontalban2026\/wp-json\/wp\/v2\/posts\/53\/revisions"}],"predecessor-version":[{"id":57,"href":"\/vazquezmontalban2026\/wp-json\/wp\/v2\/posts\/53\/revisions\/57"}],"wp:attachment":[{"href":"\/vazquezmontalban2026\/wp-json\/wp\/v2\/media?parent=53"}],"wp:term":[{"taxonomy":"category","embeddable":true,"href":"\/vazquezmontalban2026\/wp-json\/wp\/v2\/categories?post=53"},{"taxonomy":"post_tag","embeddable":true,"href":"\/vazquezmontalban2026\/wp-json\/wp\/v2\/tags?post=53"}],"curies":[{"name":"wp","href":"https:\/\/api.w.org\/{rel}","templated":true}]}}