{"id":58,"date":"2026-03-09T14:21:49","date_gmt":"2026-03-09T12:21:49","guid":{"rendered":"\/vazquezmontalban2026\/?p=58"},"modified":"2026-03-09T14:23:18","modified_gmt":"2026-03-09T12:23:18","slug":"visitem-la-sala-beckett","status":"publish","type":"post","link":"\/vazquezmontalban2026\/visitem-la-sala-beckett\/","title":{"rendered":"Visitem la Sala Beckett"},"content":{"rendered":"\n<p class=\"wp-block-paragraph\">El 19 de novembre vam tenir la gran sort de visitar la Sala Beckett de la m\u00e0 del nostre mediador Victor.<br>El grup va tenir l\u2019oportunitat de veure aquest espai de creaci\u00f3 considerat un centre de refer\u00e8ncia internacional per a la formaci\u00f3 d\u2019autors teatrals i la promoci\u00f3 de noves dramat\u00fargies.<br>Se\u2019ls va explicar que estava ubicat en l\u2019antic edifici de la cooperativa obrera Pau i Just\u00edcia que tenia una funci\u00f3 social molt important dins del moviment obrer del barri a la primera meitat del segle XX.<br>Vam insistir a fer veure a l\u2019alumnat que el fet que la sala estigui ubicada en un espai amb tanta hist\u00f2ria a les seves parets influeix en l&#8217;ambient i energia que es respira en ell. <br>A banda de la part emocional i rom\u00e0ntica de l\u2019espai, es van mostrar tots els oficis que es poden trobar, des de l\u2019actor i dramaturg que \u00e9s el que tenen m\u00e9s present l\u2019alumnat fins a l\u2019escen\u00f2graf, vestuari\u2026. i poder veure i con\u00e8ixer tots els racons de la sala.<br>Vam gaudir i vam aprendre de la sortida. Per molts va ser la primera vegada en visitar un espai com la sala Beckett; molts estaven molt contents de l&#8217;experi\u00e8ncia i els va servir per poder veure ubicada les activitats i din\u00e0miques que fem a les nostres sessions amb l&#8217;Aleix.<br><\/p>\n\n\n\n<figure class=\"wp-block-image size-large\"><img loading=\"lazy\" decoding=\"async\" width=\"1024\" height=\"768\" src=\"\/vazquezmontalban2026\/wp-content\/uploads\/2026\/03\/image-2-1024x768.jpeg\" alt=\"\" class=\"wp-image-63\" srcset=\"\/vazquezmontalban2026\/wp-content\/uploads\/2026\/03\/image-2-1024x768.jpeg 1024w, \/vazquezmontalban2026\/wp-content\/uploads\/2026\/03\/image-2-300x225.jpeg 300w, \/vazquezmontalban2026\/wp-content\/uploads\/2026\/03\/image-2-768x576.jpeg 768w, \/vazquezmontalban2026\/wp-content\/uploads\/2026\/03\/image-2-1536x1152.jpeg 1536w, \/vazquezmontalban2026\/wp-content\/uploads\/2026\/03\/image-2.jpeg 2048w\" sizes=\"auto, (max-width: 767px) 89vw, (max-width: 1000px) 54vw, (max-width: 1071px) 543px, 580px\" \/><\/figure>\n\n\n\n<figure class=\"wp-block-image size-large\"><img loading=\"lazy\" decoding=\"async\" width=\"1024\" height=\"768\" src=\"\/vazquezmontalban2026\/wp-content\/uploads\/2026\/03\/image-1024x768.jpeg\" alt=\"\" class=\"wp-image-61\" srcset=\"\/vazquezmontalban2026\/wp-content\/uploads\/2026\/03\/image-1024x768.jpeg 1024w, \/vazquezmontalban2026\/wp-content\/uploads\/2026\/03\/image-300x225.jpeg 300w, \/vazquezmontalban2026\/wp-content\/uploads\/2026\/03\/image-768x576.jpeg 768w, \/vazquezmontalban2026\/wp-content\/uploads\/2026\/03\/image-1536x1152.jpeg 1536w, \/vazquezmontalban2026\/wp-content\/uploads\/2026\/03\/image.jpeg 2048w\" sizes=\"auto, (max-width: 767px) 89vw, (max-width: 1000px) 54vw, (max-width: 1071px) 543px, 580px\" \/><\/figure>\n\n\n\n<figure class=\"wp-block-image size-large\"><img loading=\"lazy\" decoding=\"async\" width=\"1024\" height=\"768\" src=\"\/vazquezmontalban2026\/wp-content\/uploads\/2026\/03\/image-1-1024x768.jpeg\" alt=\"\" class=\"wp-image-62\" srcset=\"\/vazquezmontalban2026\/wp-content\/uploads\/2026\/03\/image-1-1024x768.jpeg 1024w, \/vazquezmontalban2026\/wp-content\/uploads\/2026\/03\/image-1-300x225.jpeg 300w, \/vazquezmontalban2026\/wp-content\/uploads\/2026\/03\/image-1-768x576.jpeg 768w, \/vazquezmontalban2026\/wp-content\/uploads\/2026\/03\/image-1-1536x1152.jpeg 1536w, \/vazquezmontalban2026\/wp-content\/uploads\/2026\/03\/image-1.jpeg 2048w\" sizes=\"auto, (max-width: 767px) 89vw, (max-width: 1000px) 54vw, (max-width: 1071px) 543px, 580px\" \/><\/figure>\n\n\n\n<p class=\"wp-block-paragraph\"><\/p>\n","protected":false},"excerpt":{"rendered":"<p>El 19 de novembre vam tenir la gran sort de visitar la Sala Beckett de la m\u00e0 del nostre mediador Victor.El grup va tenir l\u2019oportunitat de veure aquest espai de creaci\u00f3 considerat un centre de refer\u00e8ncia internacional per a la formaci\u00f3 d\u2019autors teatrals i la promoci\u00f3 de noves dramat\u00fargies.Se\u2019ls va explicar que estava ubicat en &hellip; <\/p>\n<p class=\"link-more\"><a href=\"\/vazquezmontalban2026\/visitem-la-sala-beckett\/\" class=\"more-link\">Continua llegint <span class=\"screen-reader-text\">\u00abVisitem la Sala Beckett\u00bb<\/span><\/a><\/p>\n","protected":false},"author":4,"featured_media":0,"comment_status":"closed","ping_status":"closed","sticky":false,"template":"","format":"standard","meta":{"footnotes":""},"categories":[1],"tags":[],"class_list":["post-58","post","type-post","status-publish","format-standard","hentry","category-general"],"_links":{"self":[{"href":"\/vazquezmontalban2026\/wp-json\/wp\/v2\/posts\/58","targetHints":{"allow":["GET"]}}],"collection":[{"href":"\/vazquezmontalban2026\/wp-json\/wp\/v2\/posts"}],"about":[{"href":"\/vazquezmontalban2026\/wp-json\/wp\/v2\/types\/post"}],"author":[{"embeddable":true,"href":"\/vazquezmontalban2026\/wp-json\/wp\/v2\/users\/4"}],"replies":[{"embeddable":true,"href":"\/vazquezmontalban2026\/wp-json\/wp\/v2\/comments?post=58"}],"version-history":[{"count":3,"href":"\/vazquezmontalban2026\/wp-json\/wp\/v2\/posts\/58\/revisions"}],"predecessor-version":[{"id":65,"href":"\/vazquezmontalban2026\/wp-json\/wp\/v2\/posts\/58\/revisions\/65"}],"wp:attachment":[{"href":"\/vazquezmontalban2026\/wp-json\/wp\/v2\/media?parent=58"}],"wp:term":[{"taxonomy":"category","embeddable":true,"href":"\/vazquezmontalban2026\/wp-json\/wp\/v2\/categories?post=58"},{"taxonomy":"post_tag","embeddable":true,"href":"\/vazquezmontalban2026\/wp-json\/wp\/v2\/tags?post=58"}],"curies":[{"name":"wp","href":"https:\/\/api.w.org\/{rel}","templated":true}]}}