{"id":60,"date":"2026-03-10T14:42:13","date_gmt":"2026-03-10T12:42:13","guid":{"rendered":"\/vazquezmontalban2026\/?p=60"},"modified":"2026-03-10T14:42:13","modified_gmt":"2026-03-10T12:42:13","slug":"sortim-en-busca-de-idees","status":"publish","type":"post","link":"\/vazquezmontalban2026\/sortim-en-busca-de-idees\/","title":{"rendered":"SORTIM EN BUSCA DE\u2026..IDEES"},"content":{"rendered":"\n<p class=\"wp-block-paragraph\"><br><br>Algunes de les sessions amb l\u2019Aleix s\u2019han basat a buscar temes i idees de qu\u00e8 parlar\u2026 Hem fet exercicis i activitats per explicar hist\u00f2ries, diverses, inventades\u2026\u2026 i ara, anem a buscar all\u00f2 de qu\u00e8 es vol parlar.<br>Decidim sortir en busca d\u2019alguna cosa, d\u2019alguna idea, d\u2019algun tema interessant\u2026.Ja portem algunes sortides, per\u00f2 en cap d\u2019elles trobem res que els hi interessi, que els agradi m\u00e9s enll\u00e0 de la mandra de fer qualsevol cosa.<br><br>Avui anem cap a l\u2019altra banda de la ciutat. Anem cap a la platja. Sempre he pensat que \u00e9s una pena veure una ciutat que viu d\u2019esquena al mar\u2026 els dic la meva reflexi\u00f3 a l\u2019alumnat, i em miren amb cara de\u2026sempre ha estat aix\u00ed, profe! No pot ser d\u2019una altra manera!<br>Avui han sortit m\u00e9s idees. El mar no falla.<br>Havien de buscar imatges que poguessin tenir una hist\u00f2ria darrere. Hem apr\u00e8s, amb l\u2019Aleix, que de tot es pot explicar una hist\u00f2ria, la que nosaltres vulguem. Aix\u00f2 els agrada, o com a m\u00ednim \u201cs\u2019enganxen\u201d m\u00e9s que en altres sortides.<br>que de tot es pot explicar una hist\u00f2ria, la que nosaltres vulguem. Aix\u00f2 els agrada, o com a m\u00ednim <em>\u201cs\u2019enganxen\u201d<\/em> m\u00e9s que en altres sortides.<\/p>\n\n\n<div class=\"wp-block-image\">\n<figure class=\"alignleft size-full is-resized\"><img loading=\"lazy\" decoding=\"async\" width=\"480\" height=\"640\" src=\"\/vazquezmontalban2026\/wp-content\/uploads\/2026\/03\/image-3.jpeg\" alt=\"\" class=\"wp-image-68\" style=\"aspect-ratio:0.7500192115576731;width:292px;height:auto\" srcset=\"\/vazquezmontalban2026\/wp-content\/uploads\/2026\/03\/image-3.jpeg 480w, \/vazquezmontalban2026\/wp-content\/uploads\/2026\/03\/image-3-225x300.jpeg 225w\" sizes=\"auto, (max-width: 480px) 100vw, 480px\" \/><\/figure>\n<\/div>\n\n\n<figure class=\"wp-block-image size-full is-resized\"><img loading=\"lazy\" decoding=\"async\" width=\"480\" height=\"640\" src=\"\/vazquezmontalban2026\/wp-content\/uploads\/2026\/03\/image-4.jpeg\" alt=\"\" class=\"wp-image-69\" style=\"aspect-ratio:0.7500168861870989;width:299px;height:auto\" srcset=\"\/vazquezmontalban2026\/wp-content\/uploads\/2026\/03\/image-4.jpeg 480w, \/vazquezmontalban2026\/wp-content\/uploads\/2026\/03\/image-4-225x300.jpeg 225w\" sizes=\"auto, (max-width: 480px) 100vw, 480px\" \/><\/figure>\n\n\n<div class=\"wp-block-image\">\n<figure class=\"alignleft size-full is-resized\"><img loading=\"lazy\" decoding=\"async\" width=\"480\" height=\"640\" src=\"\/vazquezmontalban2026\/wp-content\/uploads\/2026\/03\/image-6.jpeg\" alt=\"\" class=\"wp-image-71\" style=\"width:294px;height:auto\" srcset=\"\/vazquezmontalban2026\/wp-content\/uploads\/2026\/03\/image-6.jpeg 480w, \/vazquezmontalban2026\/wp-content\/uploads\/2026\/03\/image-6-225x300.jpeg 225w\" sizes=\"auto, (max-width: 480px) 100vw, 480px\" \/><\/figure>\n<\/div>\n\n\n<figure class=\"wp-block-image size-full is-resized\"><img loading=\"lazy\" decoding=\"async\" width=\"480\" height=\"640\" src=\"\/vazquezmontalban2026\/wp-content\/uploads\/2026\/03\/image-5.jpeg\" alt=\"\" class=\"wp-image-70\" style=\"aspect-ratio:0.7500097333073779;width:301px;height:auto\" srcset=\"\/vazquezmontalban2026\/wp-content\/uploads\/2026\/03\/image-5.jpeg 480w, \/vazquezmontalban2026\/wp-content\/uploads\/2026\/03\/image-5-225x300.jpeg 225w\" sizes=\"auto, (max-width: 480px) 100vw, 480px\" \/><\/figure>\n\n\n\n<p class=\"wp-block-paragraph\"><br><br>Durant la recerca descobrim l\u2019originalitat dels temes, la creativitat de les hist\u00f2ries i les habilitats per explicar-les. Tornem contentes a l&#8217;institut. Avui podem explicar que comencem a \u201cnavegar\u201d cap a algun lloc que no ens deixar\u00e0 indiferents.<br><\/p>\n\n\n\n<p class=\"wp-block-paragraph\"><\/p>\n","protected":false},"excerpt":{"rendered":"<p>Algunes de les sessions amb l\u2019Aleix s\u2019han basat a buscar temes i idees de qu\u00e8 parlar\u2026 Hem fet exercicis i activitats per explicar hist\u00f2ries, diverses, inventades\u2026\u2026 i ara, anem a buscar all\u00f2 de qu\u00e8 es vol parlar.Decidim sortir en busca d\u2019alguna cosa, d\u2019alguna idea, d\u2019algun tema interessant\u2026.Ja portem algunes sortides, per\u00f2 en cap d\u2019elles trobem &hellip; <\/p>\n<p class=\"link-more\"><a href=\"\/vazquezmontalban2026\/sortim-en-busca-de-idees\/\" class=\"more-link\">Continua llegint <span class=\"screen-reader-text\">\u00abSORTIM EN BUSCA DE\u2026..IDEES\u00bb<\/span><\/a><\/p>\n","protected":false},"author":4,"featured_media":0,"comment_status":"closed","ping_status":"","sticky":false,"template":"","format":"standard","meta":{"footnotes":""},"categories":[1],"tags":[],"class_list":["post-60","post","type-post","status-publish","format-standard","hentry","category-general"],"_links":{"self":[{"href":"\/vazquezmontalban2026\/wp-json\/wp\/v2\/posts\/60","targetHints":{"allow":["GET"]}}],"collection":[{"href":"\/vazquezmontalban2026\/wp-json\/wp\/v2\/posts"}],"about":[{"href":"\/vazquezmontalban2026\/wp-json\/wp\/v2\/types\/post"}],"author":[{"embeddable":true,"href":"\/vazquezmontalban2026\/wp-json\/wp\/v2\/users\/4"}],"replies":[{"embeddable":true,"href":"\/vazquezmontalban2026\/wp-json\/wp\/v2\/comments?post=60"}],"version-history":[{"count":2,"href":"\/vazquezmontalban2026\/wp-json\/wp\/v2\/posts\/60\/revisions"}],"predecessor-version":[{"id":72,"href":"\/vazquezmontalban2026\/wp-json\/wp\/v2\/posts\/60\/revisions\/72"}],"wp:attachment":[{"href":"\/vazquezmontalban2026\/wp-json\/wp\/v2\/media?parent=60"}],"wp:term":[{"taxonomy":"category","embeddable":true,"href":"\/vazquezmontalban2026\/wp-json\/wp\/v2\/categories?post=60"},{"taxonomy":"post_tag","embeddable":true,"href":"\/vazquezmontalban2026\/wp-json\/wp\/v2\/tags?post=60"}],"curies":[{"name":"wp","href":"https:\/\/api.w.org\/{rel}","templated":true}]}}