{"id":77,"date":"2026-05-11T23:14:43","date_gmt":"2026-05-11T21:14:43","guid":{"rendered":"\/vazquezmontalban2026\/?p=77"},"modified":"2026-05-11T23:14:43","modified_gmt":"2026-05-11T21:14:43","slug":"sessio-oberta","status":"publish","type":"post","link":"\/vazquezmontalban2026\/sessio-oberta\/","title":{"rendered":"Sessi\u00f3 oberta"},"content":{"rendered":"\n<p class=\"wp-block-paragraph\">El 23 de febrer vam fer la sessi\u00f3 oberta. Hav\u00edem estat treballant en la recerca de qu\u00e8 vol\u00edem parlar i, amb l\u2019Aleix no nom\u00e9s hem descobert qu\u00e8 voler dir sin\u00f3, que una part molt important \u00e9s com dir-ho, saber dir-ho.I cap all\u00e0 que caminem. Conven\u00e7uts? jo crec que no! per\u00f2 despr\u00e9s de la sessi\u00f3 oberta, no falla. L\u2019alumnat ja s\u2019haur\u00e0 situat i sabr\u00e0, amb precisi\u00f3 (progressiva) all\u00f2 de qu\u00e8 parlar\u00e0 per\u00f2, el m\u00e9s important, com diran all\u00f2 que volen dir.&nbsp;<\/p>\n\n\n\n<p class=\"wp-block-paragraph\">Arribats el dia de la sessi\u00f3 oberta l\u2019alumnat estructura l\u2019acte en dues parts:&nbsp;<\/p>\n\n\n\n<p class=\"wp-block-paragraph\">Una primera part on es presenta el projecte i&nbsp; les primeres gravacions que s\u2019han fet a partir d\u2019un estrany succ\u00e9s que ha tingut lloc a l\u2019institut i que l\u2019alumnat ha de continuar buscant evid\u00e8ncia d\u2019all\u00f2 qu\u00e8 ha passat. Acabaran trobant explicaci\u00f3 als estranys esdeveniments? Seran capa\u00e7os de trobar una explicaci\u00f3 a la presentaci\u00f3 final al maig?<\/p>\n\n\n\n<p class=\"wp-block-paragraph\">I la segona part de la sessi\u00f3 es centra en explicar una mostra d\u2019aquelles activitats fetes al llarg del curs, i que han servit per entendre la import\u00e0ncia del proc\u00e9s en el que ens trobem per ser capa\u00e7os de poder crear all\u00f2 qu\u00e8 volen dir. En aquesta part es fa part\u00edcip al p\u00fablic (professionals de la comunitat educativa de diferents \u00e0mbits) per poder cop\u00e7ar all\u00f2 que s\u2019ha viscut en les al llarg del curs fins arribar a aquest dia.<\/p>\n\n\n\n<figure class=\"wp-block-image size-large\"><img loading=\"lazy\" decoding=\"async\" width=\"1024\" height=\"771\" src=\"\/vazquezmontalban2026\/wp-content\/uploads\/2026\/05\/image-1-1024x771.jpeg\" alt=\"\" class=\"wp-image-78\" srcset=\"\/vazquezmontalban2026\/wp-content\/uploads\/2026\/05\/image-1-1024x771.jpeg 1024w, \/vazquezmontalban2026\/wp-content\/uploads\/2026\/05\/image-1-300x226.jpeg 300w, \/vazquezmontalban2026\/wp-content\/uploads\/2026\/05\/image-1-768x578.jpeg 768w, \/vazquezmontalban2026\/wp-content\/uploads\/2026\/05\/image-1-1536x1156.jpeg 1536w, \/vazquezmontalban2026\/wp-content\/uploads\/2026\/05\/image-1.jpeg 1600w\" sizes=\"auto, (max-width: 767px) 89vw, (max-width: 1000px) 54vw, (max-width: 1071px) 543px, 580px\" \/><\/figure>\n\n\n\n<figure class=\"wp-block-image size-large\"><img loading=\"lazy\" decoding=\"async\" width=\"771\" height=\"1024\" src=\"\/vazquezmontalban2026\/wp-content\/uploads\/2026\/05\/image-2-771x1024.jpeg\" alt=\"\" class=\"wp-image-79\" srcset=\"\/vazquezmontalban2026\/wp-content\/uploads\/2026\/05\/image-2-771x1024.jpeg 771w, \/vazquezmontalban2026\/wp-content\/uploads\/2026\/05\/image-2-226x300.jpeg 226w, \/vazquezmontalban2026\/wp-content\/uploads\/2026\/05\/image-2-768x1021.jpeg 768w, \/vazquezmontalban2026\/wp-content\/uploads\/2026\/05\/image-2-1156x1536.jpeg 1156w, \/vazquezmontalban2026\/wp-content\/uploads\/2026\/05\/image-2.jpeg 1204w\" sizes=\"auto, (max-width: 767px) 89vw, (max-width: 1000px) 54vw, (max-width: 1071px) 543px, 580px\" \/><\/figure>\n\n\n\n<figure class=\"wp-block-image size-large\"><img loading=\"lazy\" decoding=\"async\" width=\"771\" height=\"1024\" src=\"\/vazquezmontalban2026\/wp-content\/uploads\/2026\/05\/image-3-771x1024.jpeg\" alt=\"\" class=\"wp-image-80\" srcset=\"\/vazquezmontalban2026\/wp-content\/uploads\/2026\/05\/image-3-771x1024.jpeg 771w, \/vazquezmontalban2026\/wp-content\/uploads\/2026\/05\/image-3-226x300.jpeg 226w, \/vazquezmontalban2026\/wp-content\/uploads\/2026\/05\/image-3-768x1021.jpeg 768w, \/vazquezmontalban2026\/wp-content\/uploads\/2026\/05\/image-3-1156x1536.jpeg 1156w, \/vazquezmontalban2026\/wp-content\/uploads\/2026\/05\/image-3.jpeg 1204w\" sizes=\"auto, (max-width: 767px) 89vw, (max-width: 1000px) 54vw, (max-width: 1071px) 543px, 580px\" \/><\/figure>\n\n\n\n<figure class=\"wp-block-image size-large\"><img loading=\"lazy\" decoding=\"async\" width=\"771\" height=\"1024\" src=\"\/vazquezmontalban2026\/wp-content\/uploads\/2026\/05\/image-4-771x1024.jpeg\" alt=\"\" class=\"wp-image-81\" srcset=\"\/vazquezmontalban2026\/wp-content\/uploads\/2026\/05\/image-4-771x1024.jpeg 771w, \/vazquezmontalban2026\/wp-content\/uploads\/2026\/05\/image-4-226x300.jpeg 226w, \/vazquezmontalban2026\/wp-content\/uploads\/2026\/05\/image-4-768x1021.jpeg 768w, \/vazquezmontalban2026\/wp-content\/uploads\/2026\/05\/image-4-1156x1536.jpeg 1156w, \/vazquezmontalban2026\/wp-content\/uploads\/2026\/05\/image-4.jpeg 1204w\" sizes=\"auto, (max-width: 767px) 89vw, (max-width: 1000px) 54vw, (max-width: 1071px) 543px, 580px\" \/><\/figure>\n\n\n\n<figure class=\"wp-block-image size-large\"><img loading=\"lazy\" decoding=\"async\" width=\"771\" height=\"1024\" src=\"\/vazquezmontalban2026\/wp-content\/uploads\/2026\/05\/PHOTO-2026-02-18-11-17-45-4-771x1024.jpg\" alt=\"\" class=\"wp-image-82\" srcset=\"\/vazquezmontalban2026\/wp-content\/uploads\/2026\/05\/PHOTO-2026-02-18-11-17-45-4-771x1024.jpg 771w, \/vazquezmontalban2026\/wp-content\/uploads\/2026\/05\/PHOTO-2026-02-18-11-17-45-4-226x300.jpg 226w, \/vazquezmontalban2026\/wp-content\/uploads\/2026\/05\/PHOTO-2026-02-18-11-17-45-4-768x1021.jpg 768w, \/vazquezmontalban2026\/wp-content\/uploads\/2026\/05\/PHOTO-2026-02-18-11-17-45-4-1156x1536.jpg 1156w, \/vazquezmontalban2026\/wp-content\/uploads\/2026\/05\/PHOTO-2026-02-18-11-17-45-4.jpg 1204w\" sizes=\"auto, (max-width: 767px) 89vw, (max-width: 1000px) 54vw, (max-width: 1071px) 543px, 580px\" \/><\/figure>\n","protected":false},"excerpt":{"rendered":"<p>El 23 de febrer vam fer la sessi\u00f3 oberta. Hav\u00edem estat treballant en la recerca de qu\u00e8 vol\u00edem parlar i, amb l\u2019Aleix no nom\u00e9s hem descobert qu\u00e8 voler dir sin\u00f3, que una part molt important \u00e9s com dir-ho, saber dir-ho.I cap all\u00e0 que caminem. Conven\u00e7uts? jo crec que no! per\u00f2 despr\u00e9s de la sessi\u00f3 oberta, &hellip; <\/p>\n<p class=\"link-more\"><a href=\"\/vazquezmontalban2026\/sessio-oberta\/\" class=\"more-link\">Continua llegint <span class=\"screen-reader-text\">\u00abSessi\u00f3 oberta\u00bb<\/span><\/a><\/p>\n","protected":false},"author":4,"featured_media":0,"comment_status":"closed","ping_status":"","sticky":false,"template":"","format":"standard","meta":{"footnotes":""},"categories":[1],"tags":[],"class_list":["post-77","post","type-post","status-publish","format-standard","hentry","category-general"],"_links":{"self":[{"href":"\/vazquezmontalban2026\/wp-json\/wp\/v2\/posts\/77","targetHints":{"allow":["GET"]}}],"collection":[{"href":"\/vazquezmontalban2026\/wp-json\/wp\/v2\/posts"}],"about":[{"href":"\/vazquezmontalban2026\/wp-json\/wp\/v2\/types\/post"}],"author":[{"embeddable":true,"href":"\/vazquezmontalban2026\/wp-json\/wp\/v2\/users\/4"}],"replies":[{"embeddable":true,"href":"\/vazquezmontalban2026\/wp-json\/wp\/v2\/comments?post=77"}],"version-history":[{"count":1,"href":"\/vazquezmontalban2026\/wp-json\/wp\/v2\/posts\/77\/revisions"}],"predecessor-version":[{"id":83,"href":"\/vazquezmontalban2026\/wp-json\/wp\/v2\/posts\/77\/revisions\/83"}],"wp:attachment":[{"href":"\/vazquezmontalban2026\/wp-json\/wp\/v2\/media?parent=77"}],"wp:term":[{"taxonomy":"category","embeddable":true,"href":"\/vazquezmontalban2026\/wp-json\/wp\/v2\/categories?post=77"},{"taxonomy":"post_tag","embeddable":true,"href":"\/vazquezmontalban2026\/wp-json\/wp\/v2\/tags?post=77"}],"curies":[{"name":"wp","href":"https:\/\/api.w.org\/{rel}","templated":true}]}}