{"id":84,"date":"2026-06-02T00:29:43","date_gmt":"2026-06-01T22:29:43","guid":{"rendered":"\/vazquezmontalban2026\/?p=84"},"modified":"2026-06-04T20:47:42","modified_gmt":"2026-06-04T18:47:42","slug":"la-caldera-centre-de-creacio-i-dansa","status":"publish","type":"post","link":"\/vazquezmontalban2026\/la-caldera-centre-de-creacio-i-dansa\/","title":{"rendered":"La Caldera. Centre de Creaci\u00f3 i Dansa"},"content":{"rendered":"\n<p class=\"wp-block-paragraph\">El 4 de mar\u00e7 vam visitar La Caldera. Centre de Creaci\u00f3 i Dansa.<br>Avui hem anat tots plegats a La Caldera, Centre de Creaci\u00f3 de Dansa, per gaudir de ELK, una creaci\u00f3 de S\u00f2nia G\u00f3mez. Es tracta d\u2019una proposta de dansa performativa que estableix un di\u00e0leg entre el cos de la ballarina i diferents mat\u00e8ries, tant en estat cru com transformades: el fang, la llana, el suro, el vidre, el l\u00e0tex natural, la seda, la fusta, la pedra i les fibres vegetals, entre d\u2019altres.<\/p>\n\n\n\n<p class=\"wp-block-paragraph\"><br>L\u2019espectacle \u00e9s una investigaci\u00f3 sobre les propietats energ\u00e8tiques i esc\u00e8niques de la mat\u00e8ria, una dramat\u00fargia que treballa amb all\u00f2 visible i invisible per imaginar, conjuntament, espais guaridors, creatius i necessaris per a l\u2019exist\u00e8ncia.<\/p>\n\n\n\n<p class=\"wp-block-paragraph\"><br>Ha estat una experi\u00e8ncia singular i molt valuosa tant per a l\u2019alumnat com per a nosaltres. L\u2019hem gaudida intensament i, a poc a poc, els nois i les noies van entenent millor qu\u00e8 significa aix\u00f2 del contemporani, de la dansa i del teatre. Tamb\u00e9 van aproximant-se a la idea del que s\u2019espera d\u2019ells com a protagonistes del proc\u00e9s creatiu: observar, q\u00fcestionar-se, experimentar i construir significats propis a partir de les propostes art\u00edstiques que viuen.<br><\/p>\n\n\n\n<figure class=\"wp-block-image size-large\"><img loading=\"lazy\" decoding=\"async\" width=\"779\" height=\"1024\" src=\"\/vazquezmontalban2026\/wp-content\/uploads\/2026\/06\/image-779x1024.png\" alt=\"\" class=\"wp-image-88\" srcset=\"\/vazquezmontalban2026\/wp-content\/uploads\/2026\/06\/image-779x1024.png 779w, \/vazquezmontalban2026\/wp-content\/uploads\/2026\/06\/image-228x300.png 228w, \/vazquezmontalban2026\/wp-content\/uploads\/2026\/06\/image-768x1010.png 768w, \/vazquezmontalban2026\/wp-content\/uploads\/2026\/06\/image-1169x1536.png 1169w, \/vazquezmontalban2026\/wp-content\/uploads\/2026\/06\/image.png 1558w\" sizes=\"auto, (max-width: 767px) 89vw, (max-width: 1000px) 54vw, (max-width: 1071px) 543px, 580px\" \/><\/figure>\n\n\n\n<p class=\"wp-block-paragraph\"><br><\/p>\n\n\n\n<figure class=\"wp-block-image size-large\"><img loading=\"lazy\" decoding=\"async\" width=\"1024\" height=\"768\" src=\"\/vazquezmontalban2026\/wp-content\/uploads\/2026\/06\/image-1-1024x768.png\" alt=\"\" class=\"wp-image-89\" srcset=\"\/vazquezmontalban2026\/wp-content\/uploads\/2026\/06\/image-1-1024x768.png 1024w, \/vazquezmontalban2026\/wp-content\/uploads\/2026\/06\/image-1-300x225.png 300w, \/vazquezmontalban2026\/wp-content\/uploads\/2026\/06\/image-1-768x576.png 768w, \/vazquezmontalban2026\/wp-content\/uploads\/2026\/06\/image-1-1536x1152.png 1536w, \/vazquezmontalban2026\/wp-content\/uploads\/2026\/06\/image-1.png 2000w\" sizes=\"auto, (max-width: 767px) 89vw, (max-width: 1000px) 54vw, (max-width: 1071px) 543px, 580px\" \/><\/figure>\n\n\n\n<figure class=\"wp-block-image size-large\"><img loading=\"lazy\" decoding=\"async\" width=\"1024\" height=\"748\" src=\"\/vazquezmontalban2026\/wp-content\/uploads\/2026\/06\/image-2-1024x748.png\" alt=\"\" class=\"wp-image-90\" srcset=\"\/vazquezmontalban2026\/wp-content\/uploads\/2026\/06\/image-2-1024x748.png 1024w, \/vazquezmontalban2026\/wp-content\/uploads\/2026\/06\/image-2-300x219.png 300w, \/vazquezmontalban2026\/wp-content\/uploads\/2026\/06\/image-2-768x561.png 768w, \/vazquezmontalban2026\/wp-content\/uploads\/2026\/06\/image-2-1536x1123.png 1536w, \/vazquezmontalban2026\/wp-content\/uploads\/2026\/06\/image-2.png 1962w\" sizes=\"auto, (max-width: 767px) 89vw, (max-width: 1000px) 54vw, (max-width: 1071px) 543px, 580px\" \/><\/figure>\n\n\n\n<p class=\"wp-block-paragraph\"><br><br><\/p>\n","protected":false},"excerpt":{"rendered":"<p>El 4 de mar\u00e7 vam visitar La Caldera. Centre de Creaci\u00f3 i Dansa.Avui hem anat tots plegats a La Caldera, Centre de Creaci\u00f3 de Dansa, per gaudir de ELK, una creaci\u00f3 de S\u00f2nia G\u00f3mez. Es tracta d\u2019una proposta de dansa performativa que estableix un di\u00e0leg entre el cos de la ballarina i diferents mat\u00e8ries, tant &hellip; <\/p>\n<p class=\"link-more\"><a href=\"\/vazquezmontalban2026\/la-caldera-centre-de-creacio-i-dansa\/\" class=\"more-link\">Continua llegint <span class=\"screen-reader-text\">\u00abLa Caldera. Centre de Creaci\u00f3 i Dansa\u00bb<\/span><\/a><\/p>\n","protected":false},"author":4,"featured_media":0,"comment_status":"closed","ping_status":"","sticky":false,"template":"","format":"standard","meta":{"footnotes":""},"categories":[1],"tags":[],"class_list":["post-84","post","type-post","status-publish","format-standard","hentry","category-general"],"_links":{"self":[{"href":"\/vazquezmontalban2026\/wp-json\/wp\/v2\/posts\/84","targetHints":{"allow":["GET"]}}],"collection":[{"href":"\/vazquezmontalban2026\/wp-json\/wp\/v2\/posts"}],"about":[{"href":"\/vazquezmontalban2026\/wp-json\/wp\/v2\/types\/post"}],"author":[{"embeddable":true,"href":"\/vazquezmontalban2026\/wp-json\/wp\/v2\/users\/4"}],"replies":[{"embeddable":true,"href":"\/vazquezmontalban2026\/wp-json\/wp\/v2\/comments?post=84"}],"version-history":[{"count":3,"href":"\/vazquezmontalban2026\/wp-json\/wp\/v2\/posts\/84\/revisions"}],"predecessor-version":[{"id":100,"href":"\/vazquezmontalban2026\/wp-json\/wp\/v2\/posts\/84\/revisions\/100"}],"wp:attachment":[{"href":"\/vazquezmontalban2026\/wp-json\/wp\/v2\/media?parent=84"}],"wp:term":[{"taxonomy":"category","embeddable":true,"href":"\/vazquezmontalban2026\/wp-json\/wp\/v2\/categories?post=84"},{"taxonomy":"post_tag","embeddable":true,"href":"\/vazquezmontalban2026\/wp-json\/wp\/v2\/tags?post=84"}],"curies":[{"name":"wp","href":"https:\/\/api.w.org\/{rel}","templated":true}]}}