{"id":93,"date":"2026-06-04T20:46:43","date_gmt":"2026-06-04T18:46:43","guid":{"rendered":"\/vazquezmontalban2026\/?p=93"},"modified":"2026-06-04T20:46:43","modified_gmt":"2026-06-04T18:46:43","slug":"sessio-amb-lisis","status":"publish","type":"post","link":"\/vazquezmontalban2026\/sessio-amb-lisis\/","title":{"rendered":"Sessi\u00f3 amb l&#8217;Isis"},"content":{"rendered":"\n<p class=\"wp-block-paragraph\"><br>Avui hem viscut una sessi\u00f3 realment especial amb l\u2019Isis. Hem estat practicant diverses activitats teatrals d\u2019improvisaci\u00f3 i, al llarg de la classe, ens hem adonat que alguns alumnes tenen un talent latent que tot just comen\u00e7a a florir.<\/p>\n\n\n\n<p class=\"wp-block-paragraph\"><br>L\u2019Isis va demostrar una gran paci\u00e8ncia i ens va regalar una classe plena d\u2019amor, sensibilitat i talent. Va saber crear un espai de confian\u00e7a on tothom es va sentir c\u00f2mode per provar, equivocar-se, riure i tornar-ho a intentar. Aquesta atmosfera ha estat clau perqu\u00e8 l\u2019alumnat s\u2019atrev\u00eds a sortir de la seva zona de confort i a explorar noves formes d\u2019expressi\u00f3.<br>Gr\u00e0cies a ella, i a totes les setmanes de treball amb l\u2019Aleix, els nois i noies estan descobrint el llenguatge teatral i, al mateix temps, s\u2019estan descobrint a ells mateixos. Estan emergint noves potencialitats que ni tan sols sabien que existien, capacitats amagades que ara comencen a prendre forma i sentit.<\/p>\n\n\n\n<p class=\"wp-block-paragraph\"><br>Per a alguns, aquesta experi\u00e8ncia fins i tot ha obert una finestra de futur: comencen a veure possibilitats en l\u2019etapa postobligat\u00f2ria vinculades al teatre i a l\u2019expressi\u00f3 art\u00edstica. M\u00e9s enll\u00e0 de l\u2019escenari, estan aprenent a comunicar-se, a escoltar, a confiar i a cr\u00e9ixer. I aix\u00f2, sens dubte, \u00e9s un dels aprenentatges m\u00e9s valuosos que es poden endur.<br><br><\/p>\n\n\n\n<figure class=\"wp-block-image size-large\"><img loading=\"lazy\" decoding=\"async\" width=\"1024\" height=\"702\" src=\"\/vazquezmontalban2026\/wp-content\/uploads\/2026\/06\/image-3-1024x702.png\" alt=\"\" class=\"wp-image-96\" srcset=\"\/vazquezmontalban2026\/wp-content\/uploads\/2026\/06\/image-3-1024x702.png 1024w, \/vazquezmontalban2026\/wp-content\/uploads\/2026\/06\/image-3-300x206.png 300w, \/vazquezmontalban2026\/wp-content\/uploads\/2026\/06\/image-3-768x526.png 768w, \/vazquezmontalban2026\/wp-content\/uploads\/2026\/06\/image-3-1536x1052.png 1536w, \/vazquezmontalban2026\/wp-content\/uploads\/2026\/06\/image-3.png 1902w\" sizes=\"auto, (max-width: 767px) 89vw, (max-width: 1000px) 54vw, (max-width: 1071px) 543px, 580px\" \/><\/figure>\n\n\n\n<p class=\"wp-block-paragraph\"><br><br><\/p>\n\n\n\n<figure class=\"wp-block-image size-large\"><img loading=\"lazy\" decoding=\"async\" width=\"1024\" height=\"688\" src=\"\/vazquezmontalban2026\/wp-content\/uploads\/2026\/06\/image-4-1024x688.png\" alt=\"\" class=\"wp-image-97\" srcset=\"\/vazquezmontalban2026\/wp-content\/uploads\/2026\/06\/image-4-1024x688.png 1024w, \/vazquezmontalban2026\/wp-content\/uploads\/2026\/06\/image-4-300x202.png 300w, \/vazquezmontalban2026\/wp-content\/uploads\/2026\/06\/image-4-768x516.png 768w, \/vazquezmontalban2026\/wp-content\/uploads\/2026\/06\/image-4-1536x1032.png 1536w, \/vazquezmontalban2026\/wp-content\/uploads\/2026\/06\/image-4.png 1977w\" sizes=\"auto, (max-width: 767px) 89vw, (max-width: 1000px) 54vw, (max-width: 1071px) 543px, 580px\" \/><\/figure>\n\n\n\n<figure class=\"wp-block-image size-large\"><img loading=\"lazy\" decoding=\"async\" width=\"1024\" height=\"669\" src=\"\/vazquezmontalban2026\/wp-content\/uploads\/2026\/06\/image-5-1024x669.png\" alt=\"\" class=\"wp-image-98\" srcset=\"\/vazquezmontalban2026\/wp-content\/uploads\/2026\/06\/image-5-1024x669.png 1024w, \/vazquezmontalban2026\/wp-content\/uploads\/2026\/06\/image-5-300x196.png 300w, \/vazquezmontalban2026\/wp-content\/uploads\/2026\/06\/image-5-768x502.png 768w, \/vazquezmontalban2026\/wp-content\/uploads\/2026\/06\/image-5-1536x1004.png 1536w, \/vazquezmontalban2026\/wp-content\/uploads\/2026\/06\/image-5.png 1795w\" sizes=\"auto, (max-width: 767px) 89vw, (max-width: 1000px) 54vw, (max-width: 1071px) 543px, 580px\" \/><\/figure>\n","protected":false},"excerpt":{"rendered":"<p>Avui hem viscut una sessi\u00f3 realment especial amb l\u2019Isis. Hem estat practicant diverses activitats teatrals d\u2019improvisaci\u00f3 i, al llarg de la classe, ens hem adonat que alguns alumnes tenen un talent latent que tot just comen\u00e7a a florir. L\u2019Isis va demostrar una gran paci\u00e8ncia i ens va regalar una classe plena d\u2019amor, sensibilitat i talent. &hellip; <\/p>\n<p class=\"link-more\"><a href=\"\/vazquezmontalban2026\/sessio-amb-lisis\/\" class=\"more-link\">Continua llegint <span class=\"screen-reader-text\">\u00abSessi\u00f3 amb l&#8217;Isis\u00bb<\/span><\/a><\/p>\n","protected":false},"author":4,"featured_media":0,"comment_status":"closed","ping_status":"","sticky":false,"template":"","format":"standard","meta":{"footnotes":""},"categories":[1],"tags":[],"class_list":["post-93","post","type-post","status-publish","format-standard","hentry","category-general"],"_links":{"self":[{"href":"\/vazquezmontalban2026\/wp-json\/wp\/v2\/posts\/93","targetHints":{"allow":["GET"]}}],"collection":[{"href":"\/vazquezmontalban2026\/wp-json\/wp\/v2\/posts"}],"about":[{"href":"\/vazquezmontalban2026\/wp-json\/wp\/v2\/types\/post"}],"author":[{"embeddable":true,"href":"\/vazquezmontalban2026\/wp-json\/wp\/v2\/users\/4"}],"replies":[{"embeddable":true,"href":"\/vazquezmontalban2026\/wp-json\/wp\/v2\/comments?post=93"}],"version-history":[{"count":2,"href":"\/vazquezmontalban2026\/wp-json\/wp\/v2\/posts\/93\/revisions"}],"predecessor-version":[{"id":99,"href":"\/vazquezmontalban2026\/wp-json\/wp\/v2\/posts\/93\/revisions\/99"}],"wp:attachment":[{"href":"\/vazquezmontalban2026\/wp-json\/wp\/v2\/media?parent=93"}],"wp:term":[{"taxonomy":"category","embeddable":true,"href":"\/vazquezmontalban2026\/wp-json\/wp\/v2\/categories?post=93"},{"taxonomy":"post_tag","embeddable":true,"href":"\/vazquezmontalban2026\/wp-json\/wp\/v2\/tags?post=93"}],"curies":[{"name":"wp","href":"https:\/\/api.w.org\/{rel}","templated":true}]}}